
{"id":62004,"date":"2016-10-15T21:00:43","date_gmt":"2016-10-16T00:00:43","guid":{"rendered":"http:\/\/www.sudoestehoje.com.br\/novoportal\/?p=62004"},"modified":"2016-10-15T21:05:50","modified_gmt":"2016-10-16T00:05:50","slug":"bahia-aliados-de-rui-costa-deputados-do-psd-sao-fieis-ao-governo-temer","status":"publish","type":"post","link":"https:\/\/www.sudoestehoje.com.br\/novoportal\/2016\/10\/15\/bahia-aliados-de-rui-costa-deputados-do-psd-sao-fieis-ao-governo-temer\/","title":{"rendered":"BAHIA: ALIADOS DE RUI COSTA, DEPUTADOS DO PSD S\u00c3O FI\u00c9IS AO GOVERNO TEMER"},"content":{"rendered":"<div><a href=\"http:\/\/www.sudoestehoje.com.br\/novoportal\/wp-content\/uploads\/2016\/10\/PSD.jpg\" rel=\"attachment wp-att-62005\"><img loading=\"lazy\" decoding=\"async\" class=\"aligncenter size-medium wp-image-62005\" src=\"http:\/\/www.sudoestehoje.com.br\/novoportal\/wp-content\/uploads\/2016\/10\/PSD-500x336.jpg\" alt=\"psd\" width=\"500\" height=\"336\" srcset=\"https:\/\/www.sudoestehoje.com.br\/novoportal\/wp-content\/uploads\/2016\/10\/PSD-500x336.jpg 500w, https:\/\/www.sudoestehoje.com.br\/novoportal\/wp-content\/uploads\/2016\/10\/PSD-768x516.jpg 768w, https:\/\/www.sudoestehoje.com.br\/novoportal\/wp-content\/uploads\/2016\/10\/PSD-700x470.jpg 700w, https:\/\/www.sudoestehoje.com.br\/novoportal\/wp-content\/uploads\/2016\/10\/PSD.jpg 800w\" sizes=\"auto, (max-width: 500px) 100vw, 500px\" \/><\/a><\/div>\n<div>\n<p>Aliados do governador Rui Costa (PT), os deputados federais do PSD da Bahia t\u00eam se mostrado fi\u00e9is ao governo do presidente Michel Temer (PMDB), que iniciou oficialmente no final de agosto ap\u00f3s o afastamento definitivo da ex-presidente Dilma Rousseff (PT).<\/p>\n<p>De acordo com dados do Bas\u00f4metro, do jornal Estado de S\u00e3o Paulo, os pessedistas t\u00eam na m\u00e9dia 89% de taxa de governismo (percentual de votos a favor de projetos de interesse do Pal\u00e1cio do Planalto). Para efeito de compara\u00e7\u00e3o, os sete parlamentares petistas t\u00eam na m\u00e9dia 19,8%, sendo que Valmir Assun\u00e7\u00e3o \u00e9 o menos governista. Ele votou em apenas tr\u00eas oportunidades das 63 aprecia\u00e7\u00f5es a favor do presidente peemedebista.<\/p>\n<p>Dos cinco deputados federais do PSD na Bahia, Sergio Britto \u00e9 o mais fiel ao governo Temer. Ele votou a favor dos interesses em todos os projetos. Em seguida, aparece Paulo Magalh\u00e3es, que votou contra ao Pal\u00e1cio do Planto apenas uma vez. Depois aparecem Ant\u00f4nio Britto (94% de taxa de governismo), Jos\u00e9 Nunes (93%) e Fernando Torres (60%).<\/p>\n<p>OTTO E RUI A FAVOR DOS CORTES NOS GASTOS P\u00daBLICOS<\/p>\n<p>Em entrevista ao\u00a0<strong>Boc\u00e3o News<\/strong>, o presidente do PSD na Bahia, senador Otto Alencar, justificou o fato dos deputados serem aliados de Rui, mas votarem com Temer.<\/p>\n<p>\u201cO PSD vota no que acha que \u00e9 correto para o Brasil. Os deputados votaram a favor do projeto que cria um teto para gastos. Eu concordo. N\u00e3o \u00e9 poss\u00edvel o pa\u00eds continuar a fazer essa gastan\u00e7a. Eu at\u00e9 acho que o governador Rui Costa \u00e9 a favor tamb\u00e9m. Esta proposta deveria ser unanimidade nacional\u201d, disse, ressaltando que tem independ\u00eancia em rela\u00e7\u00e3o ao governo federal.<\/p>\n<p>Otto afirmou ainda que a fidelidade do PSD ao governo Temer n\u00e3o cria nenhum mal-estar com o governador Rui Costa. Nos \u00faltimos dias, foi especulado a possibilidade do partido desembarcar na base do prefeito de Salvador, ACM Neto (DEM). O senador negou, mas o democrata mostrou interesse em ter a legenda no seu grupo.<\/p>\n<p><img decoding=\"async\" class=\"aligncenter\" src=\"http:\/\/www.sudoestehoje.com.br\/novoportal\/wp-content\/uploads\/2015\/07\/%C3%93TICA-ITAPUAN-BANNER1-500x179.jpg\" alt=\"\u00d3TICA-ITAPUAN-BANNER1\" \/><\/p>\n<\/div>\n","protected":false},"excerpt":{"rendered":"<p>Aliados do governador Rui Costa (PT), os deputados federais do PSD da Bahia t\u00eam se mostrado fi\u00e9is ao governo do presidente Michel Temer (PMDB), que iniciou oficialmente no final de agosto ap\u00f3s o afastamento definitivo da ex-presidente Dilma Rousseff (PT). De acordo com dados do Bas\u00f4metro, do jornal Estado de S\u00e3o Paulo, os pessedistas t\u00eam [&hellip;]<\/p>\n","protected":false},"author":2,"featured_media":0,"comment_status":"open","ping_status":"open","sticky":false,"template":"","format":"standard","meta":{"footnotes":"","_links_to":"","_links_to_target":""},"categories":[1],"tags":[],"class_list":["post-62004","post","type-post","status-publish","format-standard","hentry","category-geral"],"views":1389,"_links":{"self":[{"href":"https:\/\/www.sudoestehoje.com.br\/novoportal\/wp-json\/wp\/v2\/posts\/62004","targetHints":{"allow":["GET"]}}],"collection":[{"href":"https:\/\/www.sudoestehoje.com.br\/novoportal\/wp-json\/wp\/v2\/posts"}],"about":[{"href":"https:\/\/www.sudoestehoje.com.br\/novoportal\/wp-json\/wp\/v2\/types\/post"}],"author":[{"embeddable":true,"href":"https:\/\/www.sudoestehoje.com.br\/novoportal\/wp-json\/wp\/v2\/users\/2"}],"replies":[{"embeddable":true,"href":"https:\/\/www.sudoestehoje.com.br\/novoportal\/wp-json\/wp\/v2\/comments?post=62004"}],"version-history":[{"count":5,"href":"https:\/\/www.sudoestehoje.com.br\/novoportal\/wp-json\/wp\/v2\/posts\/62004\/revisions"}],"predecessor-version":[{"id":62011,"href":"https:\/\/www.sudoestehoje.com.br\/novoportal\/wp-json\/wp\/v2\/posts\/62004\/revisions\/62011"}],"wp:attachment":[{"href":"https:\/\/www.sudoestehoje.com.br\/novoportal\/wp-json\/wp\/v2\/media?parent=62004"}],"wp:term":[{"taxonomy":"category","embeddable":true,"href":"https:\/\/www.sudoestehoje.com.br\/novoportal\/wp-json\/wp\/v2\/categories?post=62004"},{"taxonomy":"post_tag","embeddable":true,"href":"https:\/\/www.sudoestehoje.com.br\/novoportal\/wp-json\/wp\/v2\/tags?post=62004"}],"curies":[{"name":"wp","href":"https:\/\/api.w.org\/{rel}","templated":true}]}}