
{"id":62,"date":"2010-09-15T17:49:39","date_gmt":"2010-09-15T20:49:39","guid":{"rendered":"http:\/\/sudoestehoje.tempsite.ws\/novoportal\/?p=62"},"modified":"2010-09-17T22:19:12","modified_gmt":"2010-09-18T01:19:12","slug":"itabuna-geraldistas-armam-vinganca-contra-radialista","status":"publish","type":"post","link":"https:\/\/www.sudoestehoje.com.br\/novoportal\/2010\/09\/15\/itabuna-geraldistas-armam-vinganca-contra-radialista\/","title":{"rendered":"ITABUNA: &#8220;GERALDISTAS&#8221; ARMAM VINGAN\u00c7A CONTRA RADIALISTA"},"content":{"rendered":"<p style=\"text-align: center;\">\n<div style=\"text-align: center;\"><img decoding=\"async\" style=\"border: 0px initial initial;\" src=\"http:\/\/www.bahianoticias.com.br\/fotos\/editor\/Image\/val_cabral.jpg\" border=\"0\" alt=\"\" width=\"500\" \/><\/div>\n<p style=\"text-align: center;\">Val Cabral disse que &#8220;a batata de Geraldo est\u00e1 assando no TSE&#8221;<\/p>\n<p>A recusa do Tribunal Regional Eleitoral da Bahia em conceder registro de candidatura ao deputado Geraldo Sim\u00f5es (PT) causou comemora\u00e7\u00f5es efusivas do radialista Val Cabral, da cidade de Itabuna, na \u00faltima semana. Entretanto, a libera\u00e7\u00e3o do registro de Sim\u00f5es pelo mesmo TRE ocorrida nesta ter\u00e7a (14) deu aos partid\u00e1rios do parlamentar petista a oportunidade da \u201cvingan\u00e7a\u201d. No in\u00edcio da tarde, os cabos eleitorais, amigos e eleitores fieis do pol\u00edtico se reuniram \u00e0 frente da R\u00e1dio Difusora, no Centro da cidade, no momento em que Cabral apresentava seu programa e iniciaram um foguet\u00f3rio que, segundo eles, servia para \u201chomenagear\u201d o radialista. Na verdade, o objetivo era apenas sabotar a transmiss\u00e3o durante alguns minutos a t\u00edtulo de vendeta. Irritado, Cabral disse no ar que \u201ca batata de Geraldo est\u00e1 assando\u201d e \u201csomente eleitor abestalhado e eleitor imbecil vota em pol\u00edtico ladr\u00e3o\u201d. As informa\u00e7\u00f5es s\u00e3o do site Pimenta na Muqueca.<\/p>\n","protected":false},"excerpt":{"rendered":"<p>Val Cabral disse que &#8220;a batata de Geraldo est\u00e1 assando no TSE&#8221; A recusa do Tribunal Regional Eleitoral da Bahia em conceder registro de candidatura ao deputado Geraldo Sim\u00f5es (PT) causou comemora\u00e7\u00f5es efusivas do radialista Val Cabral, da cidade de Itabuna, na \u00faltima semana. Entretanto, a libera\u00e7\u00e3o do registro de Sim\u00f5es pelo mesmo TRE ocorrida [&hellip;]<\/p>\n","protected":false},"author":1,"featured_media":0,"comment_status":"open","ping_status":"open","sticky":false,"template":"","format":"standard","meta":{"footnotes":"","_links_to":"","_links_to_target":""},"categories":[1],"tags":[],"class_list":["post-62","post","type-post","status-publish","format-standard","hentry","category-geral"],"views":1215,"_links":{"self":[{"href":"https:\/\/www.sudoestehoje.com.br\/novoportal\/wp-json\/wp\/v2\/posts\/62","targetHints":{"allow":["GET"]}}],"collection":[{"href":"https:\/\/www.sudoestehoje.com.br\/novoportal\/wp-json\/wp\/v2\/posts"}],"about":[{"href":"https:\/\/www.sudoestehoje.com.br\/novoportal\/wp-json\/wp\/v2\/types\/post"}],"author":[{"embeddable":true,"href":"https:\/\/www.sudoestehoje.com.br\/novoportal\/wp-json\/wp\/v2\/users\/1"}],"replies":[{"embeddable":true,"href":"https:\/\/www.sudoestehoje.com.br\/novoportal\/wp-json\/wp\/v2\/comments?post=62"}],"version-history":[{"count":2,"href":"https:\/\/www.sudoestehoje.com.br\/novoportal\/wp-json\/wp\/v2\/posts\/62\/revisions"}],"predecessor-version":[{"id":89,"href":"https:\/\/www.sudoestehoje.com.br\/novoportal\/wp-json\/wp\/v2\/posts\/62\/revisions\/89"}],"wp:attachment":[{"href":"https:\/\/www.sudoestehoje.com.br\/novoportal\/wp-json\/wp\/v2\/media?parent=62"}],"wp:term":[{"taxonomy":"category","embeddable":true,"href":"https:\/\/www.sudoestehoje.com.br\/novoportal\/wp-json\/wp\/v2\/categories?post=62"},{"taxonomy":"post_tag","embeddable":true,"href":"https:\/\/www.sudoestehoje.com.br\/novoportal\/wp-json\/wp\/v2\/tags?post=62"}],"curies":[{"name":"wp","href":"https:\/\/api.w.org\/{rel}","templated":true}]}}