
{"id":61995,"date":"2016-10-15T18:59:08","date_gmt":"2016-10-15T21:59:08","guid":{"rendered":"http:\/\/www.sudoestehoje.com.br\/novoportal\/?p=61995"},"modified":"2016-10-15T19:32:37","modified_gmt":"2016-10-15T22:32:37","slug":"conquista-em-evento-pro-herzem-acm-neto-e-aclamado-governador-da-bahia","status":"publish","type":"post","link":"https:\/\/www.sudoestehoje.com.br\/novoportal\/2016\/10\/15\/conquista-em-evento-pro-herzem-acm-neto-e-aclamado-governador-da-bahia\/","title":{"rendered":"CONQUISTA: EM EVENTO PR\u00d3 HERZEM, ACM NETO \u00c9 ACLAMADO &#8220;GOVERNADOR DA BAHIA&#8221;"},"content":{"rendered":"<p><a href=\"http:\/\/www.sudoestehoje.com.br\/novoportal\/wp-content\/uploads\/2016\/10\/NETO-1.jpg\" rel=\"attachment wp-att-61998\"><img loading=\"lazy\" decoding=\"async\" class=\"aligncenter size-medium wp-image-61998\" src=\"http:\/\/www.sudoestehoje.com.br\/novoportal\/wp-content\/uploads\/2016\/10\/NETO-1-500x363.jpg\" alt=\"neto-1\" width=\"500\" height=\"363\" srcset=\"https:\/\/www.sudoestehoje.com.br\/novoportal\/wp-content\/uploads\/2016\/10\/NETO-1-500x363.jpg 500w, https:\/\/www.sudoestehoje.com.br\/novoportal\/wp-content\/uploads\/2016\/10\/NETO-1.jpg 528w\" sizes=\"auto, (max-width: 500px) 100vw, 500px\" \/><\/a><\/p>\n<p>O Aeroporto Pedro Otac\u00edlio Figueiredo ficou lotado na manh\u00e3 deste s\u00e1bado (15) para a recep\u00e7\u00e3o de uma das principais estrelas da Pol\u00edtica Baiana: ACM Neto. O prefeito de Salvador chegou em Vit\u00f3ria da Conquista por volta das 10h30 sendo recebido por uma multid\u00e3o que gritava: <em>\u201ca Bahia voltou aos bra\u00e7os de ACM\u201d e \u201cACM Neto o nosso governador\u201d.<\/em><\/p>\n<p><a href=\"http:\/\/www.sudoestehoje.com.br\/novoportal\/wp-content\/uploads\/2016\/10\/NETO.jpg\" rel=\"attachment wp-att-61999\"><img loading=\"lazy\" decoding=\"async\" class=\"aligncenter size-medium wp-image-61999\" src=\"http:\/\/www.sudoestehoje.com.br\/novoportal\/wp-content\/uploads\/2016\/10\/NETO-500x358.jpg\" alt=\"neto\" width=\"500\" height=\"358\" srcset=\"https:\/\/www.sudoestehoje.com.br\/novoportal\/wp-content\/uploads\/2016\/10\/NETO-500x358.jpg 500w, https:\/\/www.sudoestehoje.com.br\/novoportal\/wp-content\/uploads\/2016\/10\/NETO.jpg 527w\" sizes=\"auto, (max-width: 500px) 100vw, 500px\" \/><\/a><\/p>\n<p>Em entrevista, Neto disse que <em>\u201cos resultados das elei\u00e7\u00f5es demostraram que a Bahia hoje come\u00e7a a viver um novo momento pol\u00edtico\u201d. \u201cIsso foi percebido n\u00e3o s\u00f3 em Salvador, mas em muitos munic\u00edpios do interior e aqui em Conquista onde, se Deus quiser, n\u00f3s vamos ter uma grande vit\u00f3ria agora no segundo turno\u201d,<\/em> afirmou o democrata se referido ao peemedebista Herzem Gusm\u00e3o.<\/p>\n<p><a href=\"http:\/\/www.sudoestehoje.com.br\/novoportal\/wp-content\/uploads\/2016\/10\/neto-2.jpg\" rel=\"attachment wp-att-62000\"><img loading=\"lazy\" decoding=\"async\" class=\"aligncenter size-medium wp-image-62000\" src=\"http:\/\/www.sudoestehoje.com.br\/novoportal\/wp-content\/uploads\/2016\/10\/neto-2-500x330.jpg\" alt=\"neto-2\" width=\"500\" height=\"330\" srcset=\"https:\/\/www.sudoestehoje.com.br\/novoportal\/wp-content\/uploads\/2016\/10\/neto-2-500x330.jpg 500w, https:\/\/www.sudoestehoje.com.br\/novoportal\/wp-content\/uploads\/2016\/10\/neto-2-768x506.jpg 768w, https:\/\/www.sudoestehoje.com.br\/novoportal\/wp-content\/uploads\/2016\/10\/neto-2-700x462.jpg 700w, https:\/\/www.sudoestehoje.com.br\/novoportal\/wp-content\/uploads\/2016\/10\/neto-2.jpg 960w\" sizes=\"auto, (max-width: 500px) 100vw, 500px\" \/><\/a><\/p>\n<p>Sobre as Elei\u00e7\u00f5es 2018 ele se esquivou. <em>\u201cOlha, eu n\u00e3o posso falar de 2018 agora. N\u00f3s acabamos de sair de uma elei\u00e7\u00e3o agora em Salvador e n\u00f3s estamos vivendo o segundo turno em Conquista. Ent\u00e3o a nossa prioridade \u00e9 olhar nesse momento agora, preparar as prefeituras para trabalharem bem. 2018 vai ser tratado em 2018\u201d,<\/em> completou.<\/p>\n<p><a href=\"http:\/\/www.sudoestehoje.com.br\/novoportal\/wp-content\/uploads\/2016\/10\/neto-3.jpg\" rel=\"attachment wp-att-62001\"><img loading=\"lazy\" decoding=\"async\" class=\"aligncenter size-medium wp-image-62001\" src=\"http:\/\/www.sudoestehoje.com.br\/novoportal\/wp-content\/uploads\/2016\/10\/neto-3-500x334.jpg\" alt=\"neto-3\" width=\"500\" height=\"334\" srcset=\"https:\/\/www.sudoestehoje.com.br\/novoportal\/wp-content\/uploads\/2016\/10\/neto-3-500x334.jpg 500w, https:\/\/www.sudoestehoje.com.br\/novoportal\/wp-content\/uploads\/2016\/10\/neto-3.jpg 640w\" sizes=\"auto, (max-width: 500px) 100vw, 500px\" \/><\/a><\/p>\n<p>Logo ap\u00f3s, saiu em carreata pelas ruas de Conquista, em defesa de Herzem. O ministro Geddel Vieira Lima, o ex-governador Paulo Souto, diversos prefeitos, como Rodrigo Hagge, de Itapetinga, e Dr. Miller, de Macarani, tamb\u00e9m participaram da comitiva. <em>Blog do Anderson (Fotos BDM)<\/em><\/p>\n","protected":false},"excerpt":{"rendered":"<p>O Aeroporto Pedro Otac\u00edlio Figueiredo ficou lotado na manh\u00e3 deste s\u00e1bado (15) para a recep\u00e7\u00e3o de uma das principais estrelas da Pol\u00edtica Baiana: ACM Neto. O prefeito de Salvador chegou em Vit\u00f3ria da Conquista por volta das 10h30 sendo recebido por uma multid\u00e3o que gritava: \u201ca Bahia voltou aos bra\u00e7os de ACM\u201d e \u201cACM Neto [&hellip;]<\/p>\n","protected":false},"author":2,"featured_media":0,"comment_status":"open","ping_status":"open","sticky":false,"template":"","format":"standard","meta":{"footnotes":"","_links_to":"","_links_to_target":""},"categories":[1],"tags":[],"class_list":["post-61995","post","type-post","status-publish","format-standard","hentry","category-geral"],"views":1866,"_links":{"self":[{"href":"https:\/\/www.sudoestehoje.com.br\/novoportal\/wp-json\/wp\/v2\/posts\/61995","targetHints":{"allow":["GET"]}}],"collection":[{"href":"https:\/\/www.sudoestehoje.com.br\/novoportal\/wp-json\/wp\/v2\/posts"}],"about":[{"href":"https:\/\/www.sudoestehoje.com.br\/novoportal\/wp-json\/wp\/v2\/types\/post"}],"author":[{"embeddable":true,"href":"https:\/\/www.sudoestehoje.com.br\/novoportal\/wp-json\/wp\/v2\/users\/2"}],"replies":[{"embeddable":true,"href":"https:\/\/www.sudoestehoje.com.br\/novoportal\/wp-json\/wp\/v2\/comments?post=61995"}],"version-history":[{"count":2,"href":"https:\/\/www.sudoestehoje.com.br\/novoportal\/wp-json\/wp\/v2\/posts\/61995\/revisions"}],"predecessor-version":[{"id":62003,"href":"https:\/\/www.sudoestehoje.com.br\/novoportal\/wp-json\/wp\/v2\/posts\/61995\/revisions\/62003"}],"wp:attachment":[{"href":"https:\/\/www.sudoestehoje.com.br\/novoportal\/wp-json\/wp\/v2\/media?parent=61995"}],"wp:term":[{"taxonomy":"category","embeddable":true,"href":"https:\/\/www.sudoestehoje.com.br\/novoportal\/wp-json\/wp\/v2\/categories?post=61995"},{"taxonomy":"post_tag","embeddable":true,"href":"https:\/\/www.sudoestehoje.com.br\/novoportal\/wp-json\/wp\/v2\/tags?post=61995"}],"curies":[{"name":"wp","href":"https:\/\/api.w.org\/{rel}","templated":true}]}}