
{"id":61948,"date":"2016-10-13T21:27:17","date_gmt":"2016-10-14T00:27:17","guid":{"rendered":"http:\/\/www.sudoestehoje.com.br\/novoportal\/?p=61948"},"modified":"2016-10-14T23:57:33","modified_gmt":"2016-10-15T02:57:33","slug":"alecio-deve-reivindicar-representacao-e-cargos-do-governo-do-estado","status":"publish","type":"post","link":"https:\/\/www.sudoestehoje.com.br\/novoportal\/2016\/10\/13\/alecio-deve-reivindicar-representacao-e-cargos-do-governo-do-estado\/","title":{"rendered":"AL\u00c9CIO DEVE REIVINDICAR REPRESENTA\u00c7\u00c3O E CARGOS DO GOVERNO DO ESTADO"},"content":{"rendered":"<p><a href=\"http:\/\/www.sudoestehoje.com.br\/novoportal\/wp-content\/uploads\/2016\/10\/al-e-ot.jpg\" rel=\"attachment wp-att-61952\"><img loading=\"lazy\" decoding=\"async\" class=\"aligncenter size-full wp-image-61952\" src=\"http:\/\/www.sudoestehoje.com.br\/novoportal\/wp-content\/uploads\/2016\/10\/al-e-ot.jpg\" alt=\"al-e-ot\" width=\"480\" height=\"379\" \/><\/a><\/p>\n<p>ITAPETINGA &#8211; Se prevalecer o resultado das urnas, o leg\u00edtimo representante do governo estadual em Itapetinga \u00e9 o atual vice-prefeito Al\u00e9cio Chaves, \u00fanico candidato a prefeito da base do governo a conseguir expressiva vota\u00e7\u00e3o na elei\u00e7\u00e3o de 2 de outubro.<\/p>\n<p>Al\u00e9cio tem pretens\u00f5es pol\u00edticas e dever\u00e1 reivindicar o posto de representante do governo do estado em Itapetinga, e uma nova partilha nos cargos estaduais, hoje monopolizados pelo deputado petista Rosemberg Pinto e pelo prefeito Z\u00e9 Carlos, que de \u00faltima hora traiu o PT para apoiar o candidato fracassado do PDT, Tiquinho Nogueira.<\/p>\n<p>Na mira de Al\u00e9cio e seu grupo pol\u00edtico est\u00e3o o NRE-8 (antiga Direc), a 19\u00aa Ciretran e o CSU, dentre outros \u00f3rg\u00e3os estaduais, que dever\u00e3o ser objeto de uma nova partilha, se depender do do senador Otto Alencar e da deputada estadual \u00c2ngela Souza, ambos do PSD.<\/p>\n<p>Se o governo n\u00e3o ceder, Rui Costa corre o risco de ficar sem palanque em Itapetinga, na sua tentativa de reelei\u00e7\u00e3o em 2018, contra o fort\u00edssimo ACM Neto (DEM), que contar\u00e1 com o apoio de Rodrigo Hagge, Michel e Z\u00e9 Ot\u00e1vio, sem falar do grupo de Adriano, que dever\u00e1 seguir a orienta\u00e7\u00e3o do PSDB e apoiar Neto.<\/p>\n<p>Se Al\u00e9cio der mole, t\u00e1 morto politicamente, e o governador Rui Costa vai ter que pedir votos em Itapetinga e regi\u00e3o, por correspond\u00eancia.<\/p>\n<p><strong><em>Por Davi Ferraz<\/em><\/strong><\/p>\n<p><img decoding=\"async\" class=\"aligncenter\" src=\"http:\/\/www.sudoestehoje.com.br\/novoportal\/wp-content\/uploads\/2014\/11\/Logomarca-HB-Sementes-500x134.jpg\" alt=\"Logomarca HB Sementes\" \/><\/p>\n","protected":false},"excerpt":{"rendered":"<p>ITAPETINGA &#8211; Se prevalecer o resultado das urnas, o leg\u00edtimo representante do governo estadual em Itapetinga \u00e9 o atual vice-prefeito Al\u00e9cio Chaves, \u00fanico candidato a prefeito da base do governo a conseguir expressiva vota\u00e7\u00e3o na elei\u00e7\u00e3o de 2 de outubro. Al\u00e9cio tem pretens\u00f5es pol\u00edticas e dever\u00e1 reivindicar o posto de representante do governo do estado [&hellip;]<\/p>\n","protected":false},"author":2,"featured_media":0,"comment_status":"open","ping_status":"open","sticky":false,"template":"","format":"standard","meta":{"footnotes":"","_links_to":"","_links_to_target":""},"categories":[1],"tags":[],"class_list":["post-61948","post","type-post","status-publish","format-standard","hentry","category-geral"],"views":1965,"_links":{"self":[{"href":"https:\/\/www.sudoestehoje.com.br\/novoportal\/wp-json\/wp\/v2\/posts\/61948","targetHints":{"allow":["GET"]}}],"collection":[{"href":"https:\/\/www.sudoestehoje.com.br\/novoportal\/wp-json\/wp\/v2\/posts"}],"about":[{"href":"https:\/\/www.sudoestehoje.com.br\/novoportal\/wp-json\/wp\/v2\/types\/post"}],"author":[{"embeddable":true,"href":"https:\/\/www.sudoestehoje.com.br\/novoportal\/wp-json\/wp\/v2\/users\/2"}],"replies":[{"embeddable":true,"href":"https:\/\/www.sudoestehoje.com.br\/novoportal\/wp-json\/wp\/v2\/comments?post=61948"}],"version-history":[{"count":6,"href":"https:\/\/www.sudoestehoje.com.br\/novoportal\/wp-json\/wp\/v2\/posts\/61948\/revisions"}],"predecessor-version":[{"id":61993,"href":"https:\/\/www.sudoestehoje.com.br\/novoportal\/wp-json\/wp\/v2\/posts\/61948\/revisions\/61993"}],"wp:attachment":[{"href":"https:\/\/www.sudoestehoje.com.br\/novoportal\/wp-json\/wp\/v2\/media?parent=61948"}],"wp:term":[{"taxonomy":"category","embeddable":true,"href":"https:\/\/www.sudoestehoje.com.br\/novoportal\/wp-json\/wp\/v2\/categories?post=61948"},{"taxonomy":"post_tag","embeddable":true,"href":"https:\/\/www.sudoestehoje.com.br\/novoportal\/wp-json\/wp\/v2\/tags?post=61948"}],"curies":[{"name":"wp","href":"https:\/\/api.w.org\/{rel}","templated":true}]}}