
{"id":61919,"date":"2016-10-11T21:46:31","date_gmt":"2016-10-12T00:46:31","guid":{"rendered":"http:\/\/www.sudoestehoje.com.br\/novoportal\/?p=61919"},"modified":"2016-10-11T21:46:31","modified_gmt":"2016-10-12T00:46:31","slug":"conquista-candidatos-pedem-reducao-no-tempo-da-propaganda-eleitoral","status":"publish","type":"post","link":"https:\/\/www.sudoestehoje.com.br\/novoportal\/2016\/10\/11\/conquista-candidatos-pedem-reducao-no-tempo-da-propaganda-eleitoral\/","title":{"rendered":"CONQUISTA: CANDIDATOS PEDEM REDU\u00c7\u00c3O NO TEMPO DA PROPAGANDA ELEITORAL"},"content":{"rendered":"<p><a href=\"http:\/\/www.sudoestehoje.com.br\/novoportal\/wp-content\/uploads\/2016\/10\/ZE-E-HERZEM.jpg\" rel=\"attachment wp-att-61920\"><img loading=\"lazy\" decoding=\"async\" class=\"aligncenter size-medium wp-image-61920\" src=\"http:\/\/www.sudoestehoje.com.br\/novoportal\/wp-content\/uploads\/2016\/10\/ZE-E-HERZEM-500x304.jpg\" alt=\"ze-e-herzem\" width=\"500\" height=\"304\" srcset=\"https:\/\/www.sudoestehoje.com.br\/novoportal\/wp-content\/uploads\/2016\/10\/ZE-E-HERZEM-500x304.jpg 500w, https:\/\/www.sudoestehoje.com.br\/novoportal\/wp-content\/uploads\/2016\/10\/ZE-E-HERZEM.jpg 527w\" sizes=\"auto, (max-width: 500px) 100vw, 500px\" \/><\/a><\/p>\n<p>Os candidatos \u00e0 Prefeitura de Vit\u00f3ria da Conquista, que disputam o segundo turno das Elei\u00e7\u00f5es Municipais 2016, Herzem Gusm\u00e3o (PMDB) e Z\u00e9 Raimundo (PT), entraram em acordo e pediram ao Tribunal Regional Eleitoral da Bahia (TRE-BA) uma redu\u00e7\u00e3o de quatro minutos no tempo da propaganda eleitoral no r\u00e1dio e na TV de ambas as coliga\u00e7\u00f5es.<\/p>\n<p>A medida foi acolhida pelo juiz Wander Cleuber Oliveira Lopes, na sexta-feira (07\/10) e oficializada durante a reuni\u00e3o do Plano de M\u00eddia da 39\u00aa zona eleitoral, realizada nessa segunda-feira (10\/10). A partir da decis\u00e3o, o tempo de propaganda das coliga\u00e7\u00f5es diminuiu de 20 para 16 minutos di\u00e1rios, sendo que oito minutos ser\u00e3o utilizados na TV, em dois blocos: \u00e0s 13h e \u00e0s 20h30. O mesmo tempo ser\u00e1 aproveitado individualmente pelos candidatos nos programas de r\u00e1dio, \u00e0s 7h e \u00e0s 12h. A campanha come\u00e7a nesta quarta-feira (12) e encerra no dia 28 de outubro.<\/p>\n<p>Para o juiz da propaganda na regi\u00e3o, \u201ca Justi\u00e7a Eleitoral segue regras que t\u00eam como base o princ\u00edpio do Direito P\u00fablico e essas normas n\u00e3o podem ser desvirtuadas. Mas, considerando entre outras quest\u00f5es, o alinhamento com o Minist\u00e9rio P\u00fablico Eleitoral (MPE), respons\u00e1vel igualmente por avaliar que a a\u00e7\u00e3o n\u00e3o infringe a legisla\u00e7\u00e3o eleitoral, o TRE n\u00e3o dificultou o acordo entre os partidos. Dessa forma, homologamos a redu\u00e7\u00e3o do tempo de dez para oito minutos por bloco, para cada coliga\u00e7\u00e3o\u201d, explica.<\/p>\n<p>Tal iniciativa foi adotada com o prop\u00f3sito de \u201cdiminuir os gastos com a produ\u00e7\u00e3o de programas longos e permitir que os eleitores acompanhem as propostas de forma mais sintetizada\u201d, afirmaram os advogados Danilo Rocha, da coliga\u00e7\u00e3o \u201cUma Conquista Melhor\u201d e Alexandre Pereira, da \u201cConquista quer Mais\u201d. \u00a0Eles explicam ainda que, paralelo \u00e0s inser\u00e7\u00f5es no r\u00e1dio e na TV, o trabalho dever\u00e1 continuar por meio de caminhadas, debates e a\u00e7\u00f5es que promovam a comunica\u00e7\u00e3o direta com o p\u00fablico. <em>Ascom TRE<\/em><\/p>\n","protected":false},"excerpt":{"rendered":"<p>Os candidatos \u00e0 Prefeitura de Vit\u00f3ria da Conquista, que disputam o segundo turno das Elei\u00e7\u00f5es Municipais 2016, Herzem Gusm\u00e3o (PMDB) e Z\u00e9 Raimundo (PT), entraram em acordo e pediram ao Tribunal Regional Eleitoral da Bahia (TRE-BA) uma redu\u00e7\u00e3o de quatro minutos no tempo da propaganda eleitoral no r\u00e1dio e na TV de ambas as coliga\u00e7\u00f5es. [&hellip;]<\/p>\n","protected":false},"author":2,"featured_media":0,"comment_status":"open","ping_status":"open","sticky":false,"template":"","format":"standard","meta":{"footnotes":"","_links_to":"","_links_to_target":""},"categories":[1],"tags":[],"class_list":["post-61919","post","type-post","status-publish","format-standard","hentry","category-geral"],"views":1335,"_links":{"self":[{"href":"https:\/\/www.sudoestehoje.com.br\/novoportal\/wp-json\/wp\/v2\/posts\/61919","targetHints":{"allow":["GET"]}}],"collection":[{"href":"https:\/\/www.sudoestehoje.com.br\/novoportal\/wp-json\/wp\/v2\/posts"}],"about":[{"href":"https:\/\/www.sudoestehoje.com.br\/novoportal\/wp-json\/wp\/v2\/types\/post"}],"author":[{"embeddable":true,"href":"https:\/\/www.sudoestehoje.com.br\/novoportal\/wp-json\/wp\/v2\/users\/2"}],"replies":[{"embeddable":true,"href":"https:\/\/www.sudoestehoje.com.br\/novoportal\/wp-json\/wp\/v2\/comments?post=61919"}],"version-history":[{"count":3,"href":"https:\/\/www.sudoestehoje.com.br\/novoportal\/wp-json\/wp\/v2\/posts\/61919\/revisions"}],"predecessor-version":[{"id":61923,"href":"https:\/\/www.sudoestehoje.com.br\/novoportal\/wp-json\/wp\/v2\/posts\/61919\/revisions\/61923"}],"wp:attachment":[{"href":"https:\/\/www.sudoestehoje.com.br\/novoportal\/wp-json\/wp\/v2\/media?parent=61919"}],"wp:term":[{"taxonomy":"category","embeddable":true,"href":"https:\/\/www.sudoestehoje.com.br\/novoportal\/wp-json\/wp\/v2\/categories?post=61919"},{"taxonomy":"post_tag","embeddable":true,"href":"https:\/\/www.sudoestehoje.com.br\/novoportal\/wp-json\/wp\/v2\/tags?post=61919"}],"curies":[{"name":"wp","href":"https:\/\/api.w.org\/{rel}","templated":true}]}}