
{"id":61849,"date":"2016-10-08T09:30:23","date_gmt":"2016-10-08T12:30:23","guid":{"rendered":"http:\/\/www.sudoestehoje.com.br\/novoportal\/?p=61849"},"modified":"2016-10-08T09:30:23","modified_gmt":"2016-10-08T12:30:23","slug":"eleicoes-eleitores-faltosos-tem-ate-1o-de-dezembro-para-justificarem-ausencia","status":"publish","type":"post","link":"https:\/\/www.sudoestehoje.com.br\/novoportal\/2016\/10\/08\/eleicoes-eleitores-faltosos-tem-ate-1o-de-dezembro-para-justificarem-ausencia\/","title":{"rendered":"ELEI\u00c7\u00d5ES: ELEITORES FALTOSOS T\u00caM AT\u00c9 1\u00ba DE DEZEMBRO PARA JUSTIFICAREM AUS\u00caNCIA"},"content":{"rendered":"<p class=\"yiv7400933291MsoNormal\"><a href=\"http:\/\/www.sudoestehoje.com.br\/novoportal\/wp-content\/uploads\/2016\/10\/TITULO.jpg\" rel=\"attachment wp-att-61850\"><img loading=\"lazy\" decoding=\"async\" class=\"aligncenter  wp-image-61850\" src=\"http:\/\/www.sudoestehoje.com.br\/novoportal\/wp-content\/uploads\/2016\/10\/TITULO.jpg\" alt=\"titulo\" width=\"500\" height=\"375\" \/><\/a><\/p>\n<p id=\"yui_3_16_0_1_1475929021365_15921\" class=\"yiv7400933291MsoNormal\"><span id=\"yui_3_16_0_1_1475929021365_15920\">Eleitores que n\u00e3o votaram no \u00faltimo dia 2 de outubro, t\u00eam at\u00e9 o dia 1\u00ba de dezembro de 2016 para apresentar o<\/span><a id=\"yui_3_16_0_1_1475929021365_17725\" href=\"http:\/\/www.justicaeleitoral.jus.br\/arquivos\/tse-requerimento-de-justificativa-eleitoral-pos-eleicao\" target=\"_blank\" rel=\"nofollow\"><span id=\"yui_3_16_0_1_1475929021365_17724\">requerimento de justificativa<\/span><\/a><span id=\"yui_3_16_0_1_1475929021365_17723\"> <span id=\"yui_3_16_0_1_1475929021365_17722\">nos cart\u00f3rios eleitorais. Na capital, os cart\u00f3rios funcionam na sede do TRE da Bahia (1\u00aa Avenida do CAB, n\u00ba150). O requerimento dever\u00e1 ser entregue presencialmente na Justi\u00e7a Eleitoral ou enviado pelo correio ao juiz da zona eleitoral onde o eleitor est\u00e1 inscrito.<\/span><\/span><\/p>\n<p class=\"yiv7400933291MsoNormal\">\u00a0<span id=\"yui_3_16_0_1_1475929021365_17720\">Al\u00e9m de preencher o requerimento de justificativa, o eleitor dever\u00e1 reunir documenta\u00e7\u00e3o que comprove a impossibilidade do comparecimento. S\u00e3o aceitos, por exemplo, atestados m\u00e9dicos e comprovantes de passagens.<\/span><\/p>\n<p id=\"yui_3_16_0_1_1475929021365_17705\" class=\"yiv7400933291MsoNormal\">\u00a0<span id=\"yui_3_16_0_1_1475929021365_17719\">A justificativa s\u00f3 ser\u00e1 aceita no protocolo dos cart\u00f3rios eleitorais. No entanto, o formul\u00e1rio <\/span><span id=\"yui_3_16_0_1_1475929021365_17717\">pode ser obtido gratuitamente nos <span id=\"yui_3_16_0_1_1475929021365_17716\">postos de atendimento da Justi\u00e7a Eleitoral nos SAC\u2019s, na sede do Tribunal ou pela internet, <\/span>no site do TRE-BA. \u00a0 \u00a0<\/span>\u00a0<span id=\"yui_3_16_0_1_1475929021365_17707\"><a id=\"yui_3_16_0_1_1475929021365_17706\" href=\"http:\/\/www.justicaeleitoral.jus.br\/arquivos\/tse-requerimento-de-justificativa-eleitoral-pos-eleicao\" target=\"_blank\" rel=\"nofollow\">Vai justificar o voto? Imprima aqui o formul\u00e1rio<\/a><\/span><\/p>\n<p class=\"yiv7400933291MsoNormal\"><strong><span style=\"color: #0000ff;\"><a id=\"yui_3_16_0_1_1475929021365_19664\" style=\"color: #0000ff;\" href=\"mailto:ascom@tre-ba.gov.br\" target=\"_blank\" rel=\"nofollow\"><span id=\"yui_3_16_0_1_1475929021365_19663\">ascom@tre-ba.gov.br<\/span><\/a><span id=\"yui_3_16_0_1_1475929021365_19665\"> | <\/span><span id=\"yui_3_16_0_1_1475929021365_19668\"><a id=\"yui_3_16_0_1_1475929021365_19667\" style=\"color: #0000ff;\" href=\"http:\/\/www.tre-ba.gov.br\/\" target=\"_blank\" rel=\"nofollow\">www.tre-ba.jus.br<\/a><\/span><\/span><\/strong><\/p>\n","protected":false},"excerpt":{"rendered":"<p>Eleitores que n\u00e3o votaram no \u00faltimo dia 2 de outubro, t\u00eam at\u00e9 o dia 1\u00ba de dezembro de 2016 para apresentar orequerimento de justificativa nos cart\u00f3rios eleitorais. Na capital, os cart\u00f3rios funcionam na sede do TRE da Bahia (1\u00aa Avenida do CAB, n\u00ba150). O requerimento dever\u00e1 ser entregue presencialmente na Justi\u00e7a Eleitoral ou enviado pelo [&hellip;]<\/p>\n","protected":false},"author":2,"featured_media":0,"comment_status":"open","ping_status":"open","sticky":false,"template":"","format":"standard","meta":{"footnotes":"","_links_to":"","_links_to_target":""},"categories":[1],"tags":[],"class_list":["post-61849","post","type-post","status-publish","format-standard","hentry","category-geral"],"views":1158,"_links":{"self":[{"href":"https:\/\/www.sudoestehoje.com.br\/novoportal\/wp-json\/wp\/v2\/posts\/61849","targetHints":{"allow":["GET"]}}],"collection":[{"href":"https:\/\/www.sudoestehoje.com.br\/novoportal\/wp-json\/wp\/v2\/posts"}],"about":[{"href":"https:\/\/www.sudoestehoje.com.br\/novoportal\/wp-json\/wp\/v2\/types\/post"}],"author":[{"embeddable":true,"href":"https:\/\/www.sudoestehoje.com.br\/novoportal\/wp-json\/wp\/v2\/users\/2"}],"replies":[{"embeddable":true,"href":"https:\/\/www.sudoestehoje.com.br\/novoportal\/wp-json\/wp\/v2\/comments?post=61849"}],"version-history":[{"count":2,"href":"https:\/\/www.sudoestehoje.com.br\/novoportal\/wp-json\/wp\/v2\/posts\/61849\/revisions"}],"predecessor-version":[{"id":61852,"href":"https:\/\/www.sudoestehoje.com.br\/novoportal\/wp-json\/wp\/v2\/posts\/61849\/revisions\/61852"}],"wp:attachment":[{"href":"https:\/\/www.sudoestehoje.com.br\/novoportal\/wp-json\/wp\/v2\/media?parent=61849"}],"wp:term":[{"taxonomy":"category","embeddable":true,"href":"https:\/\/www.sudoestehoje.com.br\/novoportal\/wp-json\/wp\/v2\/categories?post=61849"},{"taxonomy":"post_tag","embeddable":true,"href":"https:\/\/www.sudoestehoje.com.br\/novoportal\/wp-json\/wp\/v2\/tags?post=61849"}],"curies":[{"name":"wp","href":"https:\/\/api.w.org\/{rel}","templated":true}]}}