
{"id":61845,"date":"2016-10-07T13:14:38","date_gmt":"2016-10-07T16:14:38","guid":{"rendered":"http:\/\/www.sudoestehoje.com.br\/novoportal\/?p=61845"},"modified":"2016-10-07T13:14:38","modified_gmt":"2016-10-07T16:14:38","slug":"supremo-decide-que-pratica-da-tradicional-vaquejada-e-inconstitucional","status":"publish","type":"post","link":"https:\/\/www.sudoestehoje.com.br\/novoportal\/2016\/10\/07\/supremo-decide-que-pratica-da-tradicional-vaquejada-e-inconstitucional\/","title":{"rendered":"SUPREMO DECIDE QUE PR\u00c1TICA DA TRADICIONAL VAQUEJADA \u00c9 INCONSTITUCIONAL"},"content":{"rendered":"<p><a href=\"http:\/\/www.sudoestehoje.com.br\/novoportal\/wp-content\/uploads\/2016\/10\/VAQUEJADA.jpg\" rel=\"attachment wp-att-61846\"><img loading=\"lazy\" decoding=\"async\" class=\"aligncenter size-medium wp-image-61846\" src=\"http:\/\/www.sudoestehoje.com.br\/novoportal\/wp-content\/uploads\/2016\/10\/VAQUEJADA-500x315.jpg\" alt=\"vaquejada\" width=\"500\" height=\"315\" srcset=\"https:\/\/www.sudoestehoje.com.br\/novoportal\/wp-content\/uploads\/2016\/10\/VAQUEJADA-500x315.jpg 500w, https:\/\/www.sudoestehoje.com.br\/novoportal\/wp-content\/uploads\/2016\/10\/VAQUEJADA.jpg 620w\" sizes=\"auto, (max-width: 500px) 100vw, 500px\" \/><\/a><\/p>\n<p>O <a class=\"premium-tip\" href=\"http:\/\/g1.globo.com\/tudo-sobre\/supremo-tribunal-federal\/\">Supremo Tribunal Federal<\/a> (STF) decidiu nesta quinta-feira (6) derrubar uma lei do <a class=\"premium-tip\" href=\"http:\/\/g1.globo.com\/tudo-sobre\/ceara\">Cear\u00e1<\/a> que regulamentava a vaquejada, tradi\u00e7\u00e3o cultural nordestina na qual um boi \u00e9 solto em uma pista e dois vaqueiros montados a cavalo tentam derrub\u00e1-lo pela cauda.<\/p>\n<p>Por 6 votos a 5, os ministros consideraram que a atividade imp\u00f5e sofrimento aos animais e, portanto, fere princ\u00edpios constitucionais de preserva\u00e7\u00e3o do meio ambiente.\u00a0O governo do Cear\u00e1 dizia que a vaquejada faz parte da cultura regional e que se trata de uma atividade econ\u00f4mica importante e movimenta cerca de R$ 14 milh\u00f5es por ano.<\/p>\n<p>Apesar de se referir ao Cear\u00e1, a decis\u00e3o servir\u00e1 de refer\u00eancia para todo o pa\u00eds, sujeitando os organizadores a puni\u00e7\u00e3o por crime ambiental de maus tratos a animais.\u00a0Caso algum outro estado tenha legalizado a pr\u00e1tica, outras a\u00e7\u00f5es poder\u00e3o ser apresentadas ao STF para derrubar a regulamenta\u00e7\u00e3o.<\/p>\n<p>Votaram contra a vaquejada o relator da a\u00e7\u00e3o, Marco Aur\u00e9lio, e os ministros Lu\u00eds Roberto Barroso, Rosa Weber, Celso de Mello, <a class=\"premium-tip\" href=\"http:\/\/g1.globo.com\/tudo-sobre\/carmen-lucia\">C\u00e1rmen L\u00facia<\/a>, Ricardo Lewandowski.\u00a0A favor da pr\u00e1tica votaram Edson Fachin, Gilmar Mendes, Teori Zavascki, Luiz Fux e Dias Toffoli.<\/p>\n<p>Na Bahia, uma lei de autoria do deputado estadual Eduardo Sales, regulamentando as vaquejadas no Estado, foi aprovada pela Assembl\u00e9ia Legislativa e sancionada pelo governador Rui Costa.<\/p>\n","protected":false},"excerpt":{"rendered":"<p>O Supremo Tribunal Federal (STF) decidiu nesta quinta-feira (6) derrubar uma lei do Cear\u00e1 que regulamentava a vaquejada, tradi\u00e7\u00e3o cultural nordestina na qual um boi \u00e9 solto em uma pista e dois vaqueiros montados a cavalo tentam derrub\u00e1-lo pela cauda. Por 6 votos a 5, os ministros consideraram que a atividade imp\u00f5e sofrimento aos animais [&hellip;]<\/p>\n","protected":false},"author":2,"featured_media":0,"comment_status":"open","ping_status":"open","sticky":false,"template":"","format":"standard","meta":{"footnotes":"","_links_to":"","_links_to_target":""},"categories":[1],"tags":[],"class_list":["post-61845","post","type-post","status-publish","format-standard","hentry","category-geral"],"views":2175,"_links":{"self":[{"href":"https:\/\/www.sudoestehoje.com.br\/novoportal\/wp-json\/wp\/v2\/posts\/61845","targetHints":{"allow":["GET"]}}],"collection":[{"href":"https:\/\/www.sudoestehoje.com.br\/novoportal\/wp-json\/wp\/v2\/posts"}],"about":[{"href":"https:\/\/www.sudoestehoje.com.br\/novoportal\/wp-json\/wp\/v2\/types\/post"}],"author":[{"embeddable":true,"href":"https:\/\/www.sudoestehoje.com.br\/novoportal\/wp-json\/wp\/v2\/users\/2"}],"replies":[{"embeddable":true,"href":"https:\/\/www.sudoestehoje.com.br\/novoportal\/wp-json\/wp\/v2\/comments?post=61845"}],"version-history":[{"count":1,"href":"https:\/\/www.sudoestehoje.com.br\/novoportal\/wp-json\/wp\/v2\/posts\/61845\/revisions"}],"predecessor-version":[{"id":61847,"href":"https:\/\/www.sudoestehoje.com.br\/novoportal\/wp-json\/wp\/v2\/posts\/61845\/revisions\/61847"}],"wp:attachment":[{"href":"https:\/\/www.sudoestehoje.com.br\/novoportal\/wp-json\/wp\/v2\/media?parent=61845"}],"wp:term":[{"taxonomy":"category","embeddable":true,"href":"https:\/\/www.sudoestehoje.com.br\/novoportal\/wp-json\/wp\/v2\/categories?post=61845"},{"taxonomy":"post_tag","embeddable":true,"href":"https:\/\/www.sudoestehoje.com.br\/novoportal\/wp-json\/wp\/v2\/tags?post=61845"}],"curies":[{"name":"wp","href":"https:\/\/api.w.org\/{rel}","templated":true}]}}