
{"id":61835,"date":"2016-10-06T22:15:12","date_gmt":"2016-10-07T01:15:12","guid":{"rendered":"http:\/\/www.sudoestehoje.com.br\/novoportal\/?p=61835"},"modified":"2016-10-06T22:16:40","modified_gmt":"2016-10-07T01:16:40","slug":"michel-e-ze-otavio-de-arapiraca","status":"publish","type":"post","link":"https:\/\/www.sudoestehoje.com.br\/novoportal\/2016\/10\/06\/michel-e-ze-otavio-de-arapiraca\/","title":{"rendered":"MICHEL E Z\u00c9 OT\u00c1VIO DE ARAPIRACA"},"content":{"rendered":"<p><a href=\"http:\/\/www.sudoestehoje.com.br\/novoportal\/wp-content\/uploads\/2016\/10\/fumo.jpg\" rel=\"attachment wp-att-61836\"><img loading=\"lazy\" decoding=\"async\" class=\"aligncenter wp-image-61836\" src=\"http:\/\/www.sudoestehoje.com.br\/novoportal\/wp-content\/uploads\/2016\/10\/fumo-500x375.jpg\" alt=\"fumo\" width=\"231\" height=\"173\" srcset=\"https:\/\/www.sudoestehoje.com.br\/novoportal\/wp-content\/uploads\/2016\/10\/fumo-500x375.jpg 500w, https:\/\/www.sudoestehoje.com.br\/novoportal\/wp-content\/uploads\/2016\/10\/fumo.jpg 640w\" sizes=\"auto, (max-width: 231px) 100vw, 231px\" \/><\/a><\/p>\n<p>Hoje, a amiga Portelinha do Dimens\u00e3o me perguntou se eu tinha alguma foto de Michel ao lado de Z\u00e9 Ot\u00e1vio, para ilustrar uma mat\u00e9ria que ela est\u00e1 preparando para homenagear as duas maiores lideran\u00e7as de Itapetinga. Futuquei meus arquivos e achei algumas fotos da campanha, dentre elas uma que tirei na Central de Abastecimento, na v\u00e9spera da elei\u00e7\u00e3o. Em tom de goza\u00e7\u00e3o, enviei a foto para a minha amiga com a seguinte legenda: &#8220;O mais grosso \u00e9 Michel&#8230;&#8221;. Mas foi s\u00f3 de brincadeira, sem querer ofender ningu\u00e9m, \u00e9 claro.<\/p>\n","protected":false},"excerpt":{"rendered":"<p>Hoje, a amiga Portelinha do Dimens\u00e3o me perguntou se eu tinha alguma foto de Michel ao lado de Z\u00e9 Ot\u00e1vio, para ilustrar uma mat\u00e9ria que ela est\u00e1 preparando para homenagear as duas maiores lideran\u00e7as de Itapetinga. Futuquei meus arquivos e achei algumas fotos da campanha, dentre elas uma que tirei na Central de Abastecimento, na [&hellip;]<\/p>\n","protected":false},"author":2,"featured_media":0,"comment_status":"open","ping_status":"open","sticky":false,"template":"","format":"standard","meta":{"footnotes":"","_links_to":"","_links_to_target":""},"categories":[11],"tags":[],"class_list":["post-61835","post","type-post","status-publish","format-standard","hentry","category-quentinhas"],"views":2068,"_links":{"self":[{"href":"https:\/\/www.sudoestehoje.com.br\/novoportal\/wp-json\/wp\/v2\/posts\/61835","targetHints":{"allow":["GET"]}}],"collection":[{"href":"https:\/\/www.sudoestehoje.com.br\/novoportal\/wp-json\/wp\/v2\/posts"}],"about":[{"href":"https:\/\/www.sudoestehoje.com.br\/novoportal\/wp-json\/wp\/v2\/types\/post"}],"author":[{"embeddable":true,"href":"https:\/\/www.sudoestehoje.com.br\/novoportal\/wp-json\/wp\/v2\/users\/2"}],"replies":[{"embeddable":true,"href":"https:\/\/www.sudoestehoje.com.br\/novoportal\/wp-json\/wp\/v2\/comments?post=61835"}],"version-history":[{"count":1,"href":"https:\/\/www.sudoestehoje.com.br\/novoportal\/wp-json\/wp\/v2\/posts\/61835\/revisions"}],"predecessor-version":[{"id":61837,"href":"https:\/\/www.sudoestehoje.com.br\/novoportal\/wp-json\/wp\/v2\/posts\/61835\/revisions\/61837"}],"wp:attachment":[{"href":"https:\/\/www.sudoestehoje.com.br\/novoportal\/wp-json\/wp\/v2\/media?parent=61835"}],"wp:term":[{"taxonomy":"category","embeddable":true,"href":"https:\/\/www.sudoestehoje.com.br\/novoportal\/wp-json\/wp\/v2\/categories?post=61835"},{"taxonomy":"post_tag","embeddable":true,"href":"https:\/\/www.sudoestehoje.com.br\/novoportal\/wp-json\/wp\/v2\/tags?post=61835"}],"curies":[{"name":"wp","href":"https:\/\/api.w.org\/{rel}","templated":true}]}}