
{"id":61820,"date":"2016-10-06T18:46:07","date_gmt":"2016-10-06T21:46:07","guid":{"rendered":"http:\/\/www.sudoestehoje.com.br\/novoportal\/?p=61820"},"modified":"2016-10-06T18:46:07","modified_gmt":"2016-10-06T21:46:07","slug":"conquista-acm-neto-discute-apoio-do-dem-a-herzem-no-2o-turno-decisao-sai-amanha","status":"publish","type":"post","link":"https:\/\/www.sudoestehoje.com.br\/novoportal\/2016\/10\/06\/conquista-acm-neto-discute-apoio-do-dem-a-herzem-no-2o-turno-decisao-sai-amanha\/","title":{"rendered":"CONQUISTA: ACM NETO DISCUTE APOIO DO DEM A HERZEM NO 2\u00ba TURNO; DECIS\u00c3O SAI AMANH\u00c3"},"content":{"rendered":"<p><a href=\"http:\/\/www.sudoestehoje.com.br\/novoportal\/wp-content\/uploads\/2016\/10\/apoio-herzem-neto.jpg\" rel=\"attachment wp-att-61821\"><img loading=\"lazy\" decoding=\"async\" class=\"aligncenter size-medium wp-image-61821\" src=\"http:\/\/www.sudoestehoje.com.br\/novoportal\/wp-content\/uploads\/2016\/10\/apoio-herzem-neto-500x300.jpg\" alt=\"apoio-herzem-neto\" width=\"500\" height=\"300\" \/><\/a><\/p>\n<p>O prefeito de Salvador, ACM Neto, considerado a maior lideran\u00e7a pol\u00edtica da oposi\u00e7\u00e3o ao PT no Estado, se reuniu com lideran\u00e7as de Vit\u00f3ria da Conquista na tarde desta quinta-feira (06), na capital baiana.<\/p>\n<p>Estiveram na reuni\u00e3o o vereador eleito pelo Solidariedade, Jorge Bezerra, o advogado e presidente do Democratas de Conquista, Marcelo Melo, que foi candidato a vice na chapa encabe\u00e7ada por Arlindo Rebou\u00e7as (PSDB), al\u00e9m do advogado Fl\u00e1vio Farias, candidato a vereador pelo Solidariedade, e o deputado estadual e vice-prefeito eleito de Salvador, Bruno Reis (PMDB).<\/p>\n<p>O tema principal da reuni\u00e3o foi a elei\u00e7\u00e3o do 2\u00ba turno na capital do Sudoeste baiano. O apoio a candidatura do peemedebista Herzem Gusm\u00e3o dever\u00e1 ser oficializado amanh\u00e3 (sexta-feira), com uma reuni\u00e3o definitiva.<\/p>\n<p>A expectativa \u00e9 de que ACM Neto cumpra agenda em Conquista em apoio a Gusm\u00e3o. Blog do Rodrigo Ferraz<\/p>\n<p><img decoding=\"async\" class=\"aligncenter\" src=\"http:\/\/www.sudoestehoje.com.br\/novoportal\/wp-content\/uploads\/2014\/07\/Feira-do-Lar-1.png\" alt=\"Feira-do-Lar (1)\" \/><\/p>\n","protected":false},"excerpt":{"rendered":"<p>O prefeito de Salvador, ACM Neto, considerado a maior lideran\u00e7a pol\u00edtica da oposi\u00e7\u00e3o ao PT no Estado, se reuniu com lideran\u00e7as de Vit\u00f3ria da Conquista na tarde desta quinta-feira (06), na capital baiana. Estiveram na reuni\u00e3o o vereador eleito pelo Solidariedade, Jorge Bezerra, o advogado e presidente do Democratas de Conquista, Marcelo Melo, que foi [&hellip;]<\/p>\n","protected":false},"author":2,"featured_media":0,"comment_status":"open","ping_status":"open","sticky":false,"template":"","format":"standard","meta":{"footnotes":"","_links_to":"","_links_to_target":""},"categories":[1],"tags":[],"class_list":["post-61820","post","type-post","status-publish","format-standard","hentry","category-geral"],"views":1258,"_links":{"self":[{"href":"https:\/\/www.sudoestehoje.com.br\/novoportal\/wp-json\/wp\/v2\/posts\/61820","targetHints":{"allow":["GET"]}}],"collection":[{"href":"https:\/\/www.sudoestehoje.com.br\/novoportal\/wp-json\/wp\/v2\/posts"}],"about":[{"href":"https:\/\/www.sudoestehoje.com.br\/novoportal\/wp-json\/wp\/v2\/types\/post"}],"author":[{"embeddable":true,"href":"https:\/\/www.sudoestehoje.com.br\/novoportal\/wp-json\/wp\/v2\/users\/2"}],"replies":[{"embeddable":true,"href":"https:\/\/www.sudoestehoje.com.br\/novoportal\/wp-json\/wp\/v2\/comments?post=61820"}],"version-history":[{"count":2,"href":"https:\/\/www.sudoestehoje.com.br\/novoportal\/wp-json\/wp\/v2\/posts\/61820\/revisions"}],"predecessor-version":[{"id":61823,"href":"https:\/\/www.sudoestehoje.com.br\/novoportal\/wp-json\/wp\/v2\/posts\/61820\/revisions\/61823"}],"wp:attachment":[{"href":"https:\/\/www.sudoestehoje.com.br\/novoportal\/wp-json\/wp\/v2\/media?parent=61820"}],"wp:term":[{"taxonomy":"category","embeddable":true,"href":"https:\/\/www.sudoestehoje.com.br\/novoportal\/wp-json\/wp\/v2\/categories?post=61820"},{"taxonomy":"post_tag","embeddable":true,"href":"https:\/\/www.sudoestehoje.com.br\/novoportal\/wp-json\/wp\/v2\/tags?post=61820"}],"curies":[{"name":"wp","href":"https:\/\/api.w.org\/{rel}","templated":true}]}}