
{"id":61771,"date":"2016-10-04T22:15:46","date_gmt":"2016-10-05T01:15:46","guid":{"rendered":"http:\/\/www.sudoestehoje.com.br\/novoportal\/?p=61771"},"modified":"2016-10-05T00:00:53","modified_gmt":"2016-10-05T03:00:53","slug":"eleicoes-regiao-miller-ferraz-e-o-novo-prefeito-de-macarani-com-5153-dos-votos","status":"publish","type":"post","link":"https:\/\/www.sudoestehoje.com.br\/novoportal\/2016\/10\/04\/eleicoes-regiao-miller-ferraz-e-o-novo-prefeito-de-macarani-com-5153-dos-votos\/","title":{"rendered":"ELEI\u00c7\u00d5ES REGI\u00c3O: MILLER FERRAZ \u00c9 O NOVO PREFEITO DE MACARANI COM 56,53% DOS VOTOS"},"content":{"rendered":"<p><a href=\"http:\/\/www.sudoestehoje.com.br\/novoportal\/wp-content\/uploads\/2016\/10\/miller.jpg\" rel=\"attachment wp-att-61772\"><img loading=\"lazy\" decoding=\"async\" class=\"aligncenter wp-image-61772\" src=\"http:\/\/www.sudoestehoje.com.br\/novoportal\/wp-content\/uploads\/2016\/10\/miller.jpg\" alt=\"miller\" width=\"501\" height=\"456\" \/><\/a><\/p>\n<p>Na cidade de Macarani, o atual vice-prefeito do munic\u00edpio, Dr. Miller Ferraz (PMDB), foi eleito prefeito na elei\u00e7\u00e3o deste domingo, ap\u00f3s uma disputa acirrada com o atual prefeito, Armando Porto.<\/p>\n<p>Miller, que havia sido companheiro de chapa de Armando nas elei\u00e7\u00f5es suplementares de 2015, ap\u00f3s a cassa\u00e7\u00e3o do ex-prefeito Carlinhos e da sua vice Elza Soares, acabou divergindo do prefeito e concorreu pela oposi\u00e7\u00e3o, vencendo o pleito.<\/p>\n<p>Dr.Miller Ferraz \u00a0obteve 5.621 votos (56,53%), contra 4.254\u00a0(42,78%) do\u00a0prefeito Armando Porto. Houve 114\u00a0votos brancos (1,05%), 791 nulos (7,29%) e a absten\u00e7\u00e3o foi de 22,18%.<\/p>\n<p><span style=\"color: #0000ff;\"><strong><a style=\"color: #0000ff;\" href=\"http:\/\/placar.eleicoes.uol.com.br\/2016\/1turno\/ba\/macarani\/\" target=\"_blank\">VEJA RELA\u00c7\u00c3O DOS VEREADORES ELEITOS<\/a>\u00a0<\/strong><\/span><\/p>\n<p><img decoding=\"async\" class=\"aligncenter\" src=\"http:\/\/www.sudoestehoje.com.br\/novoportal\/wp-content\/uploads\/2014\/07\/Feira-do-Lar-1.png\" alt=\"Feira-do-Lar (1)\" \/><\/p>\n","protected":false},"excerpt":{"rendered":"<p>Na cidade de Macarani, o atual vice-prefeito do munic\u00edpio, Dr. Miller Ferraz (PMDB), foi eleito prefeito na elei\u00e7\u00e3o deste domingo, ap\u00f3s uma disputa acirrada com o atual prefeito, Armando Porto. Miller, que havia sido companheiro de chapa de Armando nas elei\u00e7\u00f5es suplementares de 2015, ap\u00f3s a cassa\u00e7\u00e3o do ex-prefeito Carlinhos e da sua vice Elza [&hellip;]<\/p>\n","protected":false},"author":2,"featured_media":0,"comment_status":"open","ping_status":"open","sticky":false,"template":"","format":"standard","meta":{"footnotes":"","_links_to":"","_links_to_target":""},"categories":[1],"tags":[],"class_list":["post-61771","post","type-post","status-publish","format-standard","hentry","category-geral"],"views":2088,"_links":{"self":[{"href":"https:\/\/www.sudoestehoje.com.br\/novoportal\/wp-json\/wp\/v2\/posts\/61771","targetHints":{"allow":["GET"]}}],"collection":[{"href":"https:\/\/www.sudoestehoje.com.br\/novoportal\/wp-json\/wp\/v2\/posts"}],"about":[{"href":"https:\/\/www.sudoestehoje.com.br\/novoportal\/wp-json\/wp\/v2\/types\/post"}],"author":[{"embeddable":true,"href":"https:\/\/www.sudoestehoje.com.br\/novoportal\/wp-json\/wp\/v2\/users\/2"}],"replies":[{"embeddable":true,"href":"https:\/\/www.sudoestehoje.com.br\/novoportal\/wp-json\/wp\/v2\/comments?post=61771"}],"version-history":[{"count":7,"href":"https:\/\/www.sudoestehoje.com.br\/novoportal\/wp-json\/wp\/v2\/posts\/61771\/revisions"}],"predecessor-version":[{"id":61802,"href":"https:\/\/www.sudoestehoje.com.br\/novoportal\/wp-json\/wp\/v2\/posts\/61771\/revisions\/61802"}],"wp:attachment":[{"href":"https:\/\/www.sudoestehoje.com.br\/novoportal\/wp-json\/wp\/v2\/media?parent=61771"}],"wp:term":[{"taxonomy":"category","embeddable":true,"href":"https:\/\/www.sudoestehoje.com.br\/novoportal\/wp-json\/wp\/v2\/categories?post=61771"},{"taxonomy":"post_tag","embeddable":true,"href":"https:\/\/www.sudoestehoje.com.br\/novoportal\/wp-json\/wp\/v2\/tags?post=61771"}],"curies":[{"name":"wp","href":"https:\/\/api.w.org\/{rel}","templated":true}]}}