
{"id":61764,"date":"2016-10-04T21:18:09","date_gmt":"2016-10-05T00:18:09","guid":{"rendered":"http:\/\/www.sudoestehoje.com.br\/novoportal\/?p=61764"},"modified":"2016-10-05T00:10:05","modified_gmt":"2016-10-05T03:10:05","slug":"eleicoes-regiao-paulo-construcao-e-o-novo-prefeito-eleito-de-itarantim","status":"publish","type":"post","link":"https:\/\/www.sudoestehoje.com.br\/novoportal\/2016\/10\/04\/eleicoes-regiao-paulo-construcao-e-o-novo-prefeito-eleito-de-itarantim\/","title":{"rendered":"ELEI\u00c7\u00d5ES REGI\u00c3O: PAULO CONSTRU\u00c7\u00c3O \u00c9 O NOVO PREFEITO ELEITO DE ITARANTIM"},"content":{"rendered":"<p><a href=\"http:\/\/www.sudoestehoje.com.br\/novoportal\/wp-content\/uploads\/2016\/10\/PAULO-CONSTRU\u00c7\u00c3O-A-VITORIA.jpg\" rel=\"attachment wp-att-61765\"><img loading=\"lazy\" decoding=\"async\" class=\"aligncenter wp-image-61765\" src=\"http:\/\/www.sudoestehoje.com.br\/novoportal\/wp-content\/uploads\/2016\/10\/PAULO-CONSTRU\u00c7\u00c3O-A-VITORIA-500x281.jpg\" alt=\"paulo-construcao-a-vitoria\" width=\"504\" height=\"283\" srcset=\"https:\/\/www.sudoestehoje.com.br\/novoportal\/wp-content\/uploads\/2016\/10\/PAULO-CONSTRU\u00c7\u00c3O-A-VITORIA-500x281.jpg 500w, https:\/\/www.sudoestehoje.com.br\/novoportal\/wp-content\/uploads\/2016\/10\/PAULO-CONSTRU\u00c7\u00c3O-A-VITORIA-768x432.jpg 768w, https:\/\/www.sudoestehoje.com.br\/novoportal\/wp-content\/uploads\/2016\/10\/PAULO-CONSTRU\u00c7\u00c3O-A-VITORIA-700x394.jpg 700w, https:\/\/www.sudoestehoje.com.br\/novoportal\/wp-content\/uploads\/2016\/10\/PAULO-CONSTRU\u00c7\u00c3O-A-VITORIA.jpg 830w\" sizes=\"auto, (max-width: 504px) 100vw, 504px\" \/><\/a><\/p>\n<p>O resultado oficial saiu \u00e0s 20h deste domingo (2), com 100% das urnas apuradas. Ao final da apura\u00e7\u00e3o, o democrata\u00a0tinha 5. 502 votos, o que corresponde a 51,30% dos votos v\u00e1lidos. Paulo obteve a vit\u00f3ria j\u00e1 esperada depois de quatro anos.\u00a0Ele vai tomar posse em 1\u00ba de janeiro de 2017.<\/p>\n<p>Os demais candidatos obtiveram os seguintes resultados:<\/p>\n<p>F\u00e1bio Gusm\u00e3o (PP) 43, 99% \u2013 4.718 votos<\/p>\n<p>D\u00fa Almeida (PSDB) 4,43% \u2013 475 votos<\/p>\n<p>Poca Urna (PTN) \u00a00,21% \u2013 23 votos<\/p>\n<p>Candinho Gusm\u00e3o (PSDC) 0, 07% \u2013 07 votos<\/p>\n<p>A diferen\u00e7a de votos entre Paulo Constru\u00e7\u00e3o e F\u00e1bio Gusm\u00e3o foi 784 votos.\u00a0Apesar do resultado definido, a vota\u00e7\u00e3o tamb\u00e9m foi marcada pelo alto \u00edndice de votos nulos\u00a0(5,73%). Votos brancos 119, que juntos somam 778 votos de pessoas aptas para votar. <em>Itarantim On Line<\/em><\/p>\n<p><span style=\"color: #0000ff;\"><strong><a style=\"color: #0000ff;\" href=\"http:\/\/placar.eleicoes.uol.com.br\/2016\/1turno\/ba\/itarantim\/\">VEJA RELA\u00c7\u00c3O DOS VEREADORES ELEITOS<\/a><\/strong><\/span><\/p>\n<p><img decoding=\"async\" class=\"aligncenter\" src=\"http:\/\/www.sudoestehoje.com.br\/novoportal\/wp-content\/uploads\/2014\/09\/supermoda.png\" alt=\"supermoda\" \/><\/p>\n","protected":false},"excerpt":{"rendered":"<p>O resultado oficial saiu \u00e0s 20h deste domingo (2), com 100% das urnas apuradas. Ao final da apura\u00e7\u00e3o, o democrata\u00a0tinha 5. 502 votos, o que corresponde a 51,30% dos votos v\u00e1lidos. Paulo obteve a vit\u00f3ria j\u00e1 esperada depois de quatro anos.\u00a0Ele vai tomar posse em 1\u00ba de janeiro de 2017. Os demais candidatos obtiveram os [&hellip;]<\/p>\n","protected":false},"author":2,"featured_media":0,"comment_status":"open","ping_status":"open","sticky":false,"template":"","format":"standard","meta":{"footnotes":"","_links_to":"","_links_to_target":""},"categories":[1],"tags":[],"class_list":["post-61764","post","type-post","status-publish","format-standard","hentry","category-geral"],"views":1572,"_links":{"self":[{"href":"https:\/\/www.sudoestehoje.com.br\/novoportal\/wp-json\/wp\/v2\/posts\/61764","targetHints":{"allow":["GET"]}}],"collection":[{"href":"https:\/\/www.sudoestehoje.com.br\/novoportal\/wp-json\/wp\/v2\/posts"}],"about":[{"href":"https:\/\/www.sudoestehoje.com.br\/novoportal\/wp-json\/wp\/v2\/types\/post"}],"author":[{"embeddable":true,"href":"https:\/\/www.sudoestehoje.com.br\/novoportal\/wp-json\/wp\/v2\/users\/2"}],"replies":[{"embeddable":true,"href":"https:\/\/www.sudoestehoje.com.br\/novoportal\/wp-json\/wp\/v2\/comments?post=61764"}],"version-history":[{"count":3,"href":"https:\/\/www.sudoestehoje.com.br\/novoportal\/wp-json\/wp\/v2\/posts\/61764\/revisions"}],"predecessor-version":[{"id":61806,"href":"https:\/\/www.sudoestehoje.com.br\/novoportal\/wp-json\/wp\/v2\/posts\/61764\/revisions\/61806"}],"wp:attachment":[{"href":"https:\/\/www.sudoestehoje.com.br\/novoportal\/wp-json\/wp\/v2\/media?parent=61764"}],"wp:term":[{"taxonomy":"category","embeddable":true,"href":"https:\/\/www.sudoestehoje.com.br\/novoportal\/wp-json\/wp\/v2\/categories?post=61764"},{"taxonomy":"post_tag","embeddable":true,"href":"https:\/\/www.sudoestehoje.com.br\/novoportal\/wp-json\/wp\/v2\/tags?post=61764"}],"curies":[{"name":"wp","href":"https:\/\/api.w.org\/{rel}","templated":true}]}}