
{"id":61744,"date":"2016-10-04T08:47:26","date_gmt":"2016-10-04T11:47:26","guid":{"rendered":"http:\/\/www.sudoestehoje.com.br\/novoportal\/?p=61744"},"modified":"2016-10-04T08:47:55","modified_gmt":"2016-10-04T11:47:55","slug":"bahia-esquema-investigado-na-operacao-hidra-de-lerna-teria-beneficiado-rui-costa","status":"publish","type":"post","link":"https:\/\/www.sudoestehoje.com.br\/novoportal\/2016\/10\/04\/bahia-esquema-investigado-na-operacao-hidra-de-lerna-teria-beneficiado-rui-costa\/","title":{"rendered":"BAHIA: ESQUEMA INVESTIGADO NA OPERA\u00c7\u00c3O &#8220;HIDRA DE LERNA&#8221; TERIA BENEFICIADO RUI COSTA"},"content":{"rendered":"<div class=\"_6l- __c_\">\n<div class=\"uiScaledImageContainer _6m5 fbStoryAttachmentImage\"><img loading=\"lazy\" decoding=\"async\" class=\"scaledImageFitWidth img aligncenter\" src=\"https:\/\/fbexternal-a.akamaihd.net\/safe_image.php?d=AQAc1kouCTyWMCAF&amp;w=476&amp;h=249&amp;url=fbstaging%3A%2F%2Fgraph.facebook.com%2Fstaging_resources%2FMDExMjE4NjI0OTM4MTgwNTEyOjExMjc5NjA5MDc%3D&amp;cfs=1&amp;upscale=1&amp;sx=1&amp;sy=0&amp;sw=602&amp;sh=315\" alt=\"\" width=\"476\" height=\"249\" \/><\/div>\n<\/div>\n<p>O esquema investigado pela opera\u00e7\u00e3o Hidra de Lerna, deflagrada pela Pol\u00edcia Federal na manh\u00e3 desta ter\u00e7a-feira (4), teria beneficiado a campanha do governador Rui Costa. A informa\u00e7\u00e3o foi divulgada pelo jornal Bom Dia Brasil, da TV Globo.<\/p>\n<p>A opera\u00e7\u00e3o cumpriu mandados de busca e apreens\u00e3o no Distrito Federal, Rio de Janeiro e em Salvador \u2013 especificamente no diret\u00f3rio baiano do PT, na sede da ag\u00eancia de publicidade Propeg, na sede da empreiteira OAS e na casa do ex-ministro das Cidades e atual conselheiro do Tribunal de Contas do Estado (TCE), M\u00e1rio Negromonte. BN<\/p>\n<p><img decoding=\"async\" class=\"aligncenter\" src=\"http:\/\/www.sudoestehoje.com.br\/novoportal\/wp-content\/uploads\/2015\/05\/rezende-500x163-500x163.jpg\" alt=\"\" \/><\/p>\n","protected":false},"excerpt":{"rendered":"<p>O esquema investigado pela opera\u00e7\u00e3o Hidra de Lerna, deflagrada pela Pol\u00edcia Federal na manh\u00e3 desta ter\u00e7a-feira (4), teria beneficiado a campanha do governador Rui Costa. A informa\u00e7\u00e3o foi divulgada pelo jornal Bom Dia Brasil, da TV Globo. A opera\u00e7\u00e3o cumpriu mandados de busca e apreens\u00e3o no Distrito Federal, Rio de Janeiro e em Salvador \u2013 [&hellip;]<\/p>\n","protected":false},"author":2,"featured_media":0,"comment_status":"open","ping_status":"open","sticky":false,"template":"","format":"standard","meta":{"footnotes":"","_links_to":"","_links_to_target":""},"categories":[1],"tags":[],"class_list":["post-61744","post","type-post","status-publish","format-standard","hentry","category-geral"],"views":1535,"_links":{"self":[{"href":"https:\/\/www.sudoestehoje.com.br\/novoportal\/wp-json\/wp\/v2\/posts\/61744","targetHints":{"allow":["GET"]}}],"collection":[{"href":"https:\/\/www.sudoestehoje.com.br\/novoportal\/wp-json\/wp\/v2\/posts"}],"about":[{"href":"https:\/\/www.sudoestehoje.com.br\/novoportal\/wp-json\/wp\/v2\/types\/post"}],"author":[{"embeddable":true,"href":"https:\/\/www.sudoestehoje.com.br\/novoportal\/wp-json\/wp\/v2\/users\/2"}],"replies":[{"embeddable":true,"href":"https:\/\/www.sudoestehoje.com.br\/novoportal\/wp-json\/wp\/v2\/comments?post=61744"}],"version-history":[{"count":3,"href":"https:\/\/www.sudoestehoje.com.br\/novoportal\/wp-json\/wp\/v2\/posts\/61744\/revisions"}],"predecessor-version":[{"id":61747,"href":"https:\/\/www.sudoestehoje.com.br\/novoportal\/wp-json\/wp\/v2\/posts\/61744\/revisions\/61747"}],"wp:attachment":[{"href":"https:\/\/www.sudoestehoje.com.br\/novoportal\/wp-json\/wp\/v2\/media?parent=61744"}],"wp:term":[{"taxonomy":"category","embeddable":true,"href":"https:\/\/www.sudoestehoje.com.br\/novoportal\/wp-json\/wp\/v2\/categories?post=61744"},{"taxonomy":"post_tag","embeddable":true,"href":"https:\/\/www.sudoestehoje.com.br\/novoportal\/wp-json\/wp\/v2\/tags?post=61744"}],"curies":[{"name":"wp","href":"https:\/\/api.w.org\/{rel}","templated":true}]}}