
{"id":6172,"date":"2011-06-27T23:24:13","date_gmt":"2011-06-28T02:24:13","guid":{"rendered":"http:\/\/www.sudoestehoje.com.br\/novoportal\/?p=6172"},"modified":"2011-06-28T00:09:20","modified_gmt":"2011-06-28T03:09:20","slug":"que-vergonha","status":"publish","type":"post","link":"https:\/\/www.sudoestehoje.com.br\/novoportal\/2011\/06\/27\/que-vergonha\/","title":{"rendered":"QUE VERGONHA&#8230;"},"content":{"rendered":"<p style=\"text-align: center;\"><a id=\"apf7\" href=\"http:\/\/www.google.com.br\/imgres?imgurl=http:\/\/www.sudoestenarede.com.br\/v1\/wp-content\/uploads\/MATINHA.jpg&amp;imgrefurl=http:\/\/www.sudoestenarede.com.br\/v1\/2010\/02\/08\/itapetinga-continuam-as-investigacoes-do-incendio-no-parque-da-matinha\/&amp;usg=__03pYijkUeTLYQgDertCQEWbZBIg=&amp;h=220&amp;w=318&amp;sz=11&amp;hl=pt-BR&amp;start=8&amp;zoom=1&amp;um=1&amp;itbs=1&amp;tbnid=J_fK7JWPxq2_OM:&amp;tbnh=82&amp;tbnw=118&amp;prev=\/search%3Fq%3Dmatinha%2Bitapetinga%26um%3D1%26hl%3Dpt-BR%26sa%3DN%26biw%3D1259%26bih%3D646%26rlz%3D1R2SKPB_pt-BRBR354%26ndsp%3D20%26tbm%3Disch&amp;ei=CjsJTuqyO8y_gQf5ifGAAg\"><img loading=\"lazy\" decoding=\"async\" id=\"ipfJ_fK7JWPxq2_OM:\" class=\"aligncenter\" src=\"http:\/\/t2.gstatic.com\/images?q=tbn:ANd9GcSVNShPmKTO5rfNlou63eVfyrOiHQlZd52DC8QAB8_ukN1koM4Is2-bDac\" alt=\"\" width=\"157\" height=\"93\" \/><\/a><\/p>\n<p>Aquele v\u00eddeo produzido pelos &#8216;cineastas&#8217; da Guarda Municipal, nas depend\u00eancias da Matinha, foi vergonhoso e mostra\u00a0o grau de incompet\u00eancia dos atuais dirigentes municipais, que descuidam do que h\u00e1 de mais precioso em nosso munic\u00edpio. A Matinha \u00e9 fruto do trabalho de diversos prefeitos, que dela cuidaram com esmero e dedica\u00e7\u00e3o, mas que nesta gest\u00e3o s\u00f3 vem sendo depredada. S\u00f3 para lembrar, j\u00e1 aconteceu inc\u00eandio, fuga e roubo de animais, desova de cad\u00e1ver, venda de aves e p\u00e1ssaros, apedrejamento de cobras, treinamento da &#8220;Tropa de Elite&#8221; municipal e at\u00e9 banquete de tat\u00fas, pacas e jabutis. Tudo isto sob uma \u00fanica administra\u00e7\u00e3o. \u00c9 mentira minha?<\/p>\n","protected":false},"excerpt":{"rendered":"<p>Aquele v\u00eddeo produzido pelos &#8216;cineastas&#8217; da Guarda Municipal, nas depend\u00eancias da Matinha, foi vergonhoso e mostra\u00a0o grau de incompet\u00eancia dos atuais dirigentes municipais, que descuidam do que h\u00e1 de mais precioso em nosso munic\u00edpio. A Matinha \u00e9 fruto do trabalho de diversos prefeitos, que dela cuidaram com esmero e dedica\u00e7\u00e3o, mas que nesta gest\u00e3o s\u00f3 [&hellip;]<\/p>\n","protected":false},"author":2,"featured_media":0,"comment_status":"open","ping_status":"open","sticky":false,"template":"","format":"standard","meta":{"footnotes":"","_links_to":"","_links_to_target":""},"categories":[11],"tags":[],"class_list":["post-6172","post","type-post","status-publish","format-standard","hentry","category-quentinhas"],"views":1085,"_links":{"self":[{"href":"https:\/\/www.sudoestehoje.com.br\/novoportal\/wp-json\/wp\/v2\/posts\/6172","targetHints":{"allow":["GET"]}}],"collection":[{"href":"https:\/\/www.sudoestehoje.com.br\/novoportal\/wp-json\/wp\/v2\/posts"}],"about":[{"href":"https:\/\/www.sudoestehoje.com.br\/novoportal\/wp-json\/wp\/v2\/types\/post"}],"author":[{"embeddable":true,"href":"https:\/\/www.sudoestehoje.com.br\/novoportal\/wp-json\/wp\/v2\/users\/2"}],"replies":[{"embeddable":true,"href":"https:\/\/www.sudoestehoje.com.br\/novoportal\/wp-json\/wp\/v2\/comments?post=6172"}],"version-history":[{"count":3,"href":"https:\/\/www.sudoestehoje.com.br\/novoportal\/wp-json\/wp\/v2\/posts\/6172\/revisions"}],"predecessor-version":[{"id":6179,"href":"https:\/\/www.sudoestehoje.com.br\/novoportal\/wp-json\/wp\/v2\/posts\/6172\/revisions\/6179"}],"wp:attachment":[{"href":"https:\/\/www.sudoestehoje.com.br\/novoportal\/wp-json\/wp\/v2\/media?parent=6172"}],"wp:term":[{"taxonomy":"category","embeddable":true,"href":"https:\/\/www.sudoestehoje.com.br\/novoportal\/wp-json\/wp\/v2\/categories?post=6172"},{"taxonomy":"post_tag","embeddable":true,"href":"https:\/\/www.sudoestehoje.com.br\/novoportal\/wp-json\/wp\/v2\/tags?post=6172"}],"curies":[{"name":"wp","href":"https:\/\/api.w.org\/{rel}","templated":true}]}}