
{"id":6155,"date":"2011-06-27T17:03:22","date_gmt":"2011-06-27T20:03:22","guid":{"rendered":"http:\/\/www.sudoestehoje.com.br\/novoportal\/?p=6155"},"modified":"2011-06-27T17:03:22","modified_gmt":"2011-06-27T20:03:22","slug":"sucesso","status":"publish","type":"post","link":"https:\/\/www.sudoestehoje.com.br\/novoportal\/2011\/06\/27\/sucesso\/","title":{"rendered":"SUCESSO"},"content":{"rendered":"<p><a id=\"apf1\" href=\"http:\/\/www.google.com.br\/imgres?imgurl=http:\/\/www.sudoestehoje.com.br\/novoportal\/wp-content\/uploads\/2010\/11\/100_41591.jpg&amp;imgrefurl=http:\/\/www.sudoestehoje.com.br\/novoportal\/2010\/11\/27\/&amp;usg=__ro7nGKD_J4Mdw0Dwbu2hwnyJSRk=&amp;h=2748&amp;w=3664&amp;sz=1364&amp;hl=pt-BR&amp;start=2&amp;zoom=1&amp;um=1&amp;itbs=1&amp;tbnid=JJAklhNijKSewM:&amp;tbnh=113&amp;tbnw=150&amp;prev=\/search%3Fq%3DJOSE%2BELIAS%2BRIBEIRO%26um%3D1%26hl%3Dpt-BR%26sa%3DN%26biw%3D1259%26bih%3D646%26rlz%3D1R2SKPB_pt-BRBR354%26tbm%3Disch&amp;ei=vOEITsr6CcHFgAflhN3FDQ\"><img loading=\"lazy\" decoding=\"async\" id=\"ipfJJAklhNijKSewM:\" class=\"alignleft\" src=\"http:\/\/t0.gstatic.com\/images?q=tbn:ANd9GcR5XcGyfNaYEqbXWKoIALEaAkZ1Sr2-ENNN6fDDtiyrKd__iAtcW0LEhrX1\" alt=\"\" width=\"150\" height=\"113\" \/><\/a>Itapetinga recebeu a maior visita\u00e7\u00e3o de turistas de sua hist\u00f3ria durante a festa de S\u00e3o Jo\u00e3o. A combina\u00e7\u00e3o da festa da Vaca L\u00f4ca, do Coroas e da festa no parque Poliesportivo da Lagoa, ofereceram aos turistas v\u00e1rias op\u00e7\u00f5es de entreterimento. Os participantes dos festejos juninos de nossa cidade ficaram surpresos com a dimens\u00e3o da festa e com a estrutura montada para receb\u00ea-los.<\/p>\n<p>\u00a0A parceria p\u00fablica (Lagoa) e privada (Vaca, Coroas), deve servir de exemplo para futuras parcerias. Mesmo sem inten\u00e7\u00e3o dos organizadores, colhemos a aprova\u00e7\u00e3o dos turistas que \u201czanzavam\u201d de um lugar para outro. A repercuss\u00e3o bastante favor\u00e1vel da festa permite uma indaga\u00e7\u00e3o: somos uma cidade estruturados para realizar-mos v\u00e1rios eventos durante o ano? Por que n\u00e3o temos uma calvagada, vaquejadas, rodeio, devidamente prestigiadas pelo poder p\u00fablico municipal? O Parque de Exposi\u00e7\u00e3o e o Parque da Lagoa, oferecem um leque de op\u00e7\u00f5es para eventos que poucas cidades conseguem oferecer.<\/p>\n<p>A ind\u00fastria do turismo cresce vertiginosamente com o aumento do poder aquisitivo da popula\u00e7\u00e3o. O governo municipal poderia discutir a possibilidade de \u201cajudar\u201d na realiza\u00e7\u00e3o de eventos que poderiam partir de iniciativas privadas. Assim como o ex-prefeito Jos\u00e9 Otavio transformou a voca\u00e7\u00e3o pastoril do nosso povo com a industrializa\u00e7\u00e3o da nossa cidade, talvez o destino tenha sinalizado para o prefeito Jos\u00e9 Carlos o \u201ccaminho das pedras\u201d para marcar sua administra\u00e7\u00e3o, que seria o desenvolvimento da industria do entretenimento, apostando inicialmente em eventos de repercuss\u00e3o regional e futuramente nacional.<\/p>\n<p>Os prepostos da Prefeitura que organizaram e administraram o S\u00e3o Jo\u00e3o se fossem funcion\u00e1rios de uma empresa privada seriam promovidos pela efici\u00eancia e efic\u00e1cia demonstradas. Seria muito bom se estas pessoas fossem promovidas para ocuparem cargos ineficientes na atual administra\u00e7\u00e3o.<\/p>\n<p><em><strong>Por JOS\u00c9 ELIAS RIBEIRO<\/strong><\/em><\/p>\n","protected":false},"excerpt":{"rendered":"<p>Itapetinga recebeu a maior visita\u00e7\u00e3o de turistas de sua hist\u00f3ria durante a festa de S\u00e3o Jo\u00e3o. A combina\u00e7\u00e3o da festa da Vaca L\u00f4ca, do Coroas e da festa no parque Poliesportivo da Lagoa, ofereceram aos turistas v\u00e1rias op\u00e7\u00f5es de entreterimento. Os participantes dos festejos juninos de nossa cidade ficaram surpresos com a dimens\u00e3o da festa [&hellip;]<\/p>\n","protected":false},"author":2,"featured_media":0,"comment_status":"open","ping_status":"open","sticky":false,"template":"","format":"standard","meta":{"footnotes":"","_links_to":"","_links_to_target":""},"categories":[1],"tags":[],"class_list":["post-6155","post","type-post","status-publish","format-standard","hentry","category-geral"],"views":1117,"_links":{"self":[{"href":"https:\/\/www.sudoestehoje.com.br\/novoportal\/wp-json\/wp\/v2\/posts\/6155","targetHints":{"allow":["GET"]}}],"collection":[{"href":"https:\/\/www.sudoestehoje.com.br\/novoportal\/wp-json\/wp\/v2\/posts"}],"about":[{"href":"https:\/\/www.sudoestehoje.com.br\/novoportal\/wp-json\/wp\/v2\/types\/post"}],"author":[{"embeddable":true,"href":"https:\/\/www.sudoestehoje.com.br\/novoportal\/wp-json\/wp\/v2\/users\/2"}],"replies":[{"embeddable":true,"href":"https:\/\/www.sudoestehoje.com.br\/novoportal\/wp-json\/wp\/v2\/comments?post=6155"}],"version-history":[{"count":2,"href":"https:\/\/www.sudoestehoje.com.br\/novoportal\/wp-json\/wp\/v2\/posts\/6155\/revisions"}],"predecessor-version":[{"id":6157,"href":"https:\/\/www.sudoestehoje.com.br\/novoportal\/wp-json\/wp\/v2\/posts\/6155\/revisions\/6157"}],"wp:attachment":[{"href":"https:\/\/www.sudoestehoje.com.br\/novoportal\/wp-json\/wp\/v2\/media?parent=6155"}],"wp:term":[{"taxonomy":"category","embeddable":true,"href":"https:\/\/www.sudoestehoje.com.br\/novoportal\/wp-json\/wp\/v2\/categories?post=6155"},{"taxonomy":"post_tag","embeddable":true,"href":"https:\/\/www.sudoestehoje.com.br\/novoportal\/wp-json\/wp\/v2\/tags?post=6155"}],"curies":[{"name":"wp","href":"https:\/\/api.w.org\/{rel}","templated":true}]}}