
{"id":61520,"date":"2016-09-30T18:30:24","date_gmt":"2016-09-30T21:30:24","guid":{"rendered":"http:\/\/www.sudoestehoje.com.br\/novoportal\/?p=61520"},"modified":"2016-09-30T18:30:24","modified_gmt":"2016-09-30T21:30:24","slug":"eleicoes-candidatura-de-alecio-chaves-e-irreversivel-e-vitoriosa-garante-psd","status":"publish","type":"post","link":"https:\/\/www.sudoestehoje.com.br\/novoportal\/2016\/09\/30\/eleicoes-candidatura-de-alecio-chaves-e-irreversivel-e-vitoriosa-garante-psd\/","title":{"rendered":"ELEI\u00c7\u00d5ES: CANDIDATURA DE AL\u00c9CIO CHAVES \u00c9 IRREVERS\u00cdVEL E VITORIOSA, GARANTE PSD"},"content":{"rendered":"<p><a href=\"http:\/\/www.sudoestehoje.com.br\/novoportal\/wp-content\/uploads\/2016\/09\/CONVEN\u00c7\u00c3O.jpg\" rel=\"attachment wp-att-61521\"><img loading=\"lazy\" decoding=\"async\" class=\"aligncenter size-medium wp-image-61521\" src=\"http:\/\/www.sudoestehoje.com.br\/novoportal\/wp-content\/uploads\/2016\/09\/CONVEN\u00c7\u00c3O-500x273.jpg\" alt=\"convencao\" width=\"500\" height=\"273\" srcset=\"https:\/\/www.sudoestehoje.com.br\/novoportal\/wp-content\/uploads\/2016\/09\/CONVEN\u00c7\u00c3O-500x273.jpg 500w, https:\/\/www.sudoestehoje.com.br\/novoportal\/wp-content\/uploads\/2016\/09\/CONVEN\u00c7\u00c3O-768x419.jpg 768w, https:\/\/www.sudoestehoje.com.br\/novoportal\/wp-content\/uploads\/2016\/09\/CONVEN\u00c7\u00c3O-700x382.jpg 700w, https:\/\/www.sudoestehoje.com.br\/novoportal\/wp-content\/uploads\/2016\/09\/CONVEN\u00c7\u00c3O.jpg 1368w\" sizes=\"auto, (max-width: 500px) 100vw, 500px\" \/><\/a><\/p>\n<p>Atrav\u00e9s de contato com a reda\u00e7\u00e3o do Sudoeste Hoje, membros da equipe de campanha do candidato Al\u00e9cio Chaves informaram que est\u00e3o acompanhando atentamente o desenrolar dos \u00faltimos acontecimentos envolvendo a ren\u00fancia do candidato Tiquinho (PDT), mas que n\u00e3o mant\u00e9m nenhum v\u00ednculo pol\u00edtico com as partes envolvidas em um suposto acordo para beneficiar qualquer outro candidato.<\/p>\n<p>Assim, as candidaturas de Al\u00e9cio Chaves e Miraldo Mota est\u00e3o mantidas e confiantes numa vit\u00f3ria, no pr\u00f3ximo domingo, com o apoio do eleitorado consciente de Itapetinga.<\/p>\n<p>Sobre este e outros assuntos, o candidato do PSD dever\u00e1 se pronunciar logo mais, no encontro pol\u00edtico que realizar\u00e1 na noite desta sexta-feira.<\/p>\n<p><strong><em>Por Davi Ferraz<\/em><\/strong><\/p>\n","protected":false},"excerpt":{"rendered":"<p>Atrav\u00e9s de contato com a reda\u00e7\u00e3o do Sudoeste Hoje, membros da equipe de campanha do candidato Al\u00e9cio Chaves informaram que est\u00e3o acompanhando atentamente o desenrolar dos \u00faltimos acontecimentos envolvendo a ren\u00fancia do candidato Tiquinho (PDT), mas que n\u00e3o mant\u00e9m nenhum v\u00ednculo pol\u00edtico com as partes envolvidas em um suposto acordo para beneficiar qualquer outro candidato. [&hellip;]<\/p>\n","protected":false},"author":2,"featured_media":0,"comment_status":"open","ping_status":"open","sticky":false,"template":"","format":"standard","meta":{"footnotes":"","_links_to":"","_links_to_target":""},"categories":[1],"tags":[],"class_list":["post-61520","post","type-post","status-publish","format-standard","hentry","category-geral"],"views":1748,"_links":{"self":[{"href":"https:\/\/www.sudoestehoje.com.br\/novoportal\/wp-json\/wp\/v2\/posts\/61520","targetHints":{"allow":["GET"]}}],"collection":[{"href":"https:\/\/www.sudoestehoje.com.br\/novoportal\/wp-json\/wp\/v2\/posts"}],"about":[{"href":"https:\/\/www.sudoestehoje.com.br\/novoportal\/wp-json\/wp\/v2\/types\/post"}],"author":[{"embeddable":true,"href":"https:\/\/www.sudoestehoje.com.br\/novoportal\/wp-json\/wp\/v2\/users\/2"}],"replies":[{"embeddable":true,"href":"https:\/\/www.sudoestehoje.com.br\/novoportal\/wp-json\/wp\/v2\/comments?post=61520"}],"version-history":[{"count":2,"href":"https:\/\/www.sudoestehoje.com.br\/novoportal\/wp-json\/wp\/v2\/posts\/61520\/revisions"}],"predecessor-version":[{"id":61523,"href":"https:\/\/www.sudoestehoje.com.br\/novoportal\/wp-json\/wp\/v2\/posts\/61520\/revisions\/61523"}],"wp:attachment":[{"href":"https:\/\/www.sudoestehoje.com.br\/novoportal\/wp-json\/wp\/v2\/media?parent=61520"}],"wp:term":[{"taxonomy":"category","embeddable":true,"href":"https:\/\/www.sudoestehoje.com.br\/novoportal\/wp-json\/wp\/v2\/categories?post=61520"},{"taxonomy":"post_tag","embeddable":true,"href":"https:\/\/www.sudoestehoje.com.br\/novoportal\/wp-json\/wp\/v2\/tags?post=61520"}],"curies":[{"name":"wp","href":"https:\/\/api.w.org\/{rel}","templated":true}]}}