
{"id":61503,"date":"2016-09-30T13:18:14","date_gmt":"2016-09-30T16:18:14","guid":{"rendered":"http:\/\/www.sudoestehoje.com.br\/novoportal\/?p=61503"},"modified":"2016-09-30T13:32:07","modified_gmt":"2016-09-30T16:32:07","slug":"eleicoes-pesquisa-confirma-eleicao-polarizada-em-itapetinga-aposta-adriano","status":"publish","type":"post","link":"https:\/\/www.sudoestehoje.com.br\/novoportal\/2016\/09\/30\/eleicoes-pesquisa-confirma-eleicao-polarizada-em-itapetinga-aposta-adriano\/","title":{"rendered":"ELEI\u00c7\u00d5ES: &#8220;PESQUISA CONFIRMA ELEI\u00c7\u00c3O POLARIZADA EM ITAPETINGA&#8221;, APOSTA ADRIANO"},"content":{"rendered":"<p><strong><em>Reda\u00e7\u00e3o<\/em><\/strong><\/p>\n<p><a href=\"http:\/\/www.sudoestehoje.com.br\/novoportal\/wp-content\/uploads\/2016\/09\/45-1-1.jpg\" rel=\"attachment wp-att-61504\"><img loading=\"lazy\" decoding=\"async\" class=\"aligncenter size-medium wp-image-61504\" src=\"http:\/\/www.sudoestehoje.com.br\/novoportal\/wp-content\/uploads\/2016\/09\/45-1-1-500x400.jpg\" alt=\"45-1\" width=\"500\" height=\"400\" srcset=\"https:\/\/www.sudoestehoje.com.br\/novoportal\/wp-content\/uploads\/2016\/09\/45-1-1-500x400.jpg 500w, https:\/\/www.sudoestehoje.com.br\/novoportal\/wp-content\/uploads\/2016\/09\/45-1-1-700x561.jpg 700w, https:\/\/www.sudoestehoje.com.br\/novoportal\/wp-content\/uploads\/2016\/09\/45-1-1.jpg 703w\" sizes=\"auto, (max-width: 500px) 100vw, 500px\" \/><\/a><\/p>\n<p>Segundo a Assessoria de Comunica\u00e7\u00e3o (Ascom) do candidato do PSDB, Adriano Alc\u00e2ntara, um pesquisa realizada na cidade de Itapetinga, no dia 24 de setembro, registrada no TSE sob n\u00famero 05184\/2016, demonstra que a disputa pela prefeitura est\u00e1 polarizada.<\/p>\n<p>O candidato Adriano Alc\u00e2ntara, de acordo com a pesquisa, teria consolidado a posi\u00e7\u00e3o de segundo colocado disparado. Um fato de grande relev\u00e2ncia tamb\u00e9m \u00e9 o n\u00famero de indecisos que s\u00e3o 14,75% dos entrevistados, o que j\u00e1 configuraria, segundo o candidato tucano, chance real de virada.<\/p>\n<p>Para Adriano, dados como este em reta final de campanha, s\u00e3o agentes caracter\u00edsticos de mudan\u00e7a o que pode tornar o resultado final das elei\u00e7\u00f5es uma grande surpresa. <strong><em>Com informa\u00e7\u00f5es da Ascom PSDB<\/em><\/strong><\/p>\n","protected":false},"excerpt":{"rendered":"<p>Reda\u00e7\u00e3o Segundo a Assessoria de Comunica\u00e7\u00e3o (Ascom) do candidato do PSDB, Adriano Alc\u00e2ntara, um pesquisa realizada na cidade de Itapetinga, no dia 24 de setembro, registrada no TSE sob n\u00famero 05184\/2016, demonstra que a disputa pela prefeitura est\u00e1 polarizada. O candidato Adriano Alc\u00e2ntara, de acordo com a pesquisa, teria consolidado a posi\u00e7\u00e3o de segundo colocado [&hellip;]<\/p>\n","protected":false},"author":2,"featured_media":0,"comment_status":"open","ping_status":"open","sticky":false,"template":"","format":"standard","meta":{"footnotes":"","_links_to":"","_links_to_target":""},"categories":[1],"tags":[],"class_list":["post-61503","post","type-post","status-publish","format-standard","hentry","category-geral"],"views":1908,"_links":{"self":[{"href":"https:\/\/www.sudoestehoje.com.br\/novoportal\/wp-json\/wp\/v2\/posts\/61503","targetHints":{"allow":["GET"]}}],"collection":[{"href":"https:\/\/www.sudoestehoje.com.br\/novoportal\/wp-json\/wp\/v2\/posts"}],"about":[{"href":"https:\/\/www.sudoestehoje.com.br\/novoportal\/wp-json\/wp\/v2\/types\/post"}],"author":[{"embeddable":true,"href":"https:\/\/www.sudoestehoje.com.br\/novoportal\/wp-json\/wp\/v2\/users\/2"}],"replies":[{"embeddable":true,"href":"https:\/\/www.sudoestehoje.com.br\/novoportal\/wp-json\/wp\/v2\/comments?post=61503"}],"version-history":[{"count":3,"href":"https:\/\/www.sudoestehoje.com.br\/novoportal\/wp-json\/wp\/v2\/posts\/61503\/revisions"}],"predecessor-version":[{"id":61507,"href":"https:\/\/www.sudoestehoje.com.br\/novoportal\/wp-json\/wp\/v2\/posts\/61503\/revisions\/61507"}],"wp:attachment":[{"href":"https:\/\/www.sudoestehoje.com.br\/novoportal\/wp-json\/wp\/v2\/media?parent=61503"}],"wp:term":[{"taxonomy":"category","embeddable":true,"href":"https:\/\/www.sudoestehoje.com.br\/novoportal\/wp-json\/wp\/v2\/categories?post=61503"},{"taxonomy":"post_tag","embeddable":true,"href":"https:\/\/www.sudoestehoje.com.br\/novoportal\/wp-json\/wp\/v2\/tags?post=61503"}],"curies":[{"name":"wp","href":"https:\/\/api.w.org\/{rel}","templated":true}]}}