
{"id":61464,"date":"2016-09-29T13:35:51","date_gmt":"2016-09-29T16:35:51","guid":{"rendered":"http:\/\/www.sudoestehoje.com.br\/novoportal\/?p=61464"},"modified":"2016-09-29T13:35:51","modified_gmt":"2016-09-29T16:35:51","slug":"eleicoes-rodrigo-hagge-e-a-nossa-esperanca-declara-bairro-hilda-gama","status":"publish","type":"post","link":"https:\/\/www.sudoestehoje.com.br\/novoportal\/2016\/09\/29\/eleicoes-rodrigo-hagge-e-a-nossa-esperanca-declara-bairro-hilda-gama\/","title":{"rendered":"ELEI\u00c7\u00d5ES: &#8220;RODRIGO HAGGE \u00c9 A NOSSA ESPERAN\u00c7A&#8221;, DECLARA BAIRRO HILDA GAMA"},"content":{"rendered":"<p><a href=\"http:\/\/www.sudoestehoje.com.br\/novoportal\/wp-content\/uploads\/2016\/09\/h-1.jpg\" rel=\"attachment wp-att-61466\"><img loading=\"lazy\" decoding=\"async\" class=\"aligncenter size-medium wp-image-61466\" src=\"http:\/\/www.sudoestehoje.com.br\/novoportal\/wp-content\/uploads\/2016\/09\/h-1-500x293.jpg\" alt=\"h-1\" width=\"500\" height=\"293\" srcset=\"https:\/\/www.sudoestehoje.com.br\/novoportal\/wp-content\/uploads\/2016\/09\/h-1-500x293.jpg 500w, https:\/\/www.sudoestehoje.com.br\/novoportal\/wp-content\/uploads\/2016\/09\/h-1-768x450.jpg 768w, https:\/\/www.sudoestehoje.com.br\/novoportal\/wp-content\/uploads\/2016\/09\/h-1-700x411.jpg 700w, https:\/\/www.sudoestehoje.com.br\/novoportal\/wp-content\/uploads\/2016\/09\/h-1.jpg 960w\" sizes=\"auto, (max-width: 500px) 100vw, 500px\" \/><\/a><\/p>\n<p>A exemplo de outros bairros da cidade, o Hilda Gama tamb\u00e9m vestiu amarelo para receber os candidatos Rodrigo Hagge e Renan Pereira, do 15. Aguardados ansiosamente pelos moradores, os candidatos foram surpreendidos por um bairro com bandeiras amarelas afixadas pelos pr\u00f3prios moradores em suas portas.<\/p>\n<p><a href=\"http:\/\/www.sudoestehoje.com.br\/novoportal\/wp-content\/uploads\/2016\/09\/h-2.jpg\" rel=\"attachment wp-att-61467\"><img loading=\"lazy\" decoding=\"async\" class=\"aligncenter size-medium wp-image-61467\" src=\"http:\/\/www.sudoestehoje.com.br\/novoportal\/wp-content\/uploads\/2016\/09\/h-2-500x295.jpg\" alt=\"h-2\" width=\"500\" height=\"295\" srcset=\"https:\/\/www.sudoestehoje.com.br\/novoportal\/wp-content\/uploads\/2016\/09\/h-2-500x295.jpg 500w, https:\/\/www.sudoestehoje.com.br\/novoportal\/wp-content\/uploads\/2016\/09\/h-2-768x453.jpg 768w, https:\/\/www.sudoestehoje.com.br\/novoportal\/wp-content\/uploads\/2016\/09\/h-2-700x413.jpg 700w, https:\/\/www.sudoestehoje.com.br\/novoportal\/wp-content\/uploads\/2016\/09\/h-2.jpg 960w\" sizes=\"auto, (max-width: 500px) 100vw, 500px\" \/><\/a><\/p>\n<p>\u201cFaz dias que aguardo a visita de Rodrigo. Estou emocionada aqui, pois ele \u00e9 muito carism\u00e1tico e tenho confian\u00e7a que vamos ter melhores dias em nossa cidade na administra\u00e7\u00e3o dele, com f\u00e9 em Deus\u201d, disse a jovem Ana Mara, estudante do Caic.<\/p>\n<p><a href=\"http:\/\/www.sudoestehoje.com.br\/novoportal\/wp-content\/uploads\/2016\/09\/h-3.jpg\" rel=\"attachment wp-att-61468\"><img loading=\"lazy\" decoding=\"async\" class=\"aligncenter size-medium wp-image-61468\" src=\"http:\/\/www.sudoestehoje.com.br\/novoportal\/wp-content\/uploads\/2016\/09\/h-3-500x264.jpg\" alt=\"h-3\" width=\"500\" height=\"264\" srcset=\"https:\/\/www.sudoestehoje.com.br\/novoportal\/wp-content\/uploads\/2016\/09\/h-3-500x264.jpg 500w, https:\/\/www.sudoestehoje.com.br\/novoportal\/wp-content\/uploads\/2016\/09\/h-3-768x406.jpg 768w, https:\/\/www.sudoestehoje.com.br\/novoportal\/wp-content\/uploads\/2016\/09\/h-3-700x370.jpg 700w, https:\/\/www.sudoestehoje.com.br\/novoportal\/wp-content\/uploads\/2016\/09\/h-3.jpg 960w\" sizes=\"auto, (max-width: 500px) 100vw, 500px\" \/><\/a><\/p>\n<p>\u201cAqui temos um povo carente de emprego, de um posto de sa\u00fade que os atenda com mais dignidade, de mais e melhores escolas e creches para nossas crian\u00e7as e jovens. Confiamos no discurso de Rodrigo e de Renan, apostamos neles para que o Hilda Gama e as outras vilas possam sair dessa situa\u00e7\u00e3o de dificuldades que passamos nesses oito anos\u201d, disse Juarez, desportista do bairro.<\/p>\n<p><a href=\"http:\/\/www.sudoestehoje.com.br\/novoportal\/wp-content\/uploads\/2016\/09\/h-4.jpg\" rel=\"attachment wp-att-61469\"><img loading=\"lazy\" decoding=\"async\" class=\"aligncenter size-medium wp-image-61469\" src=\"http:\/\/www.sudoestehoje.com.br\/novoportal\/wp-content\/uploads\/2016\/09\/h-4-500x331.jpg\" alt=\"h-4\" width=\"500\" height=\"331\" srcset=\"https:\/\/www.sudoestehoje.com.br\/novoportal\/wp-content\/uploads\/2016\/09\/h-4-500x331.jpg 500w, https:\/\/www.sudoestehoje.com.br\/novoportal\/wp-content\/uploads\/2016\/09\/h-4-768x508.jpg 768w, https:\/\/www.sudoestehoje.com.br\/novoportal\/wp-content\/uploads\/2016\/09\/h-4-700x463.jpg 700w, https:\/\/www.sudoestehoje.com.br\/novoportal\/wp-content\/uploads\/2016\/09\/h-4.jpg 960w\" sizes=\"auto, (max-width: 500px) 100vw, 500px\" \/><\/a><\/p>\n<p>\u201cMais uma vez volto a repetir que precisamos entregar Itapetinga de volta pro povo. Pelos quatro cantos da cidade onde temos passado, o sentimento \u00e9 de que o povo est\u00e1 abandonado, n\u00e3o tem uma lideran\u00e7a em quem confia e falta de tudo. Vimos aqui no Hilda Gama e na Vila Suzano que a comunidade realmente aguarda dias melhores, emprego, qualidade de vida, sa\u00fade, cuidado e aten\u00e7\u00e3o. Com f\u00e9 em Deus e com a for\u00e7a do povo, teremos dias melhores em nossa cidade\u201d, discursou Rodrigo Hagge, fazendo o convite para todos participarem do \u201cAu\u00ea do Saru\u00ea\u201d, hoje, quinta-feira, \u00e0s 19h no Parque da Lagoa.\u00a0<strong><em>Ascom RR<\/em><\/strong><\/p>\n","protected":false},"excerpt":{"rendered":"<p>A exemplo de outros bairros da cidade, o Hilda Gama tamb\u00e9m vestiu amarelo para receber os candidatos Rodrigo Hagge e Renan Pereira, do 15. Aguardados ansiosamente pelos moradores, os candidatos foram surpreendidos por um bairro com bandeiras amarelas afixadas pelos pr\u00f3prios moradores em suas portas. \u201cFaz dias que aguardo a visita de Rodrigo. Estou emocionada [&hellip;]<\/p>\n","protected":false},"author":2,"featured_media":0,"comment_status":"open","ping_status":"open","sticky":false,"template":"","format":"standard","meta":{"footnotes":"","_links_to":"","_links_to_target":""},"categories":[1],"tags":[],"class_list":["post-61464","post","type-post","status-publish","format-standard","hentry","category-geral"],"views":1498,"_links":{"self":[{"href":"https:\/\/www.sudoestehoje.com.br\/novoportal\/wp-json\/wp\/v2\/posts\/61464","targetHints":{"allow":["GET"]}}],"collection":[{"href":"https:\/\/www.sudoestehoje.com.br\/novoportal\/wp-json\/wp\/v2\/posts"}],"about":[{"href":"https:\/\/www.sudoestehoje.com.br\/novoportal\/wp-json\/wp\/v2\/types\/post"}],"author":[{"embeddable":true,"href":"https:\/\/www.sudoestehoje.com.br\/novoportal\/wp-json\/wp\/v2\/users\/2"}],"replies":[{"embeddable":true,"href":"https:\/\/www.sudoestehoje.com.br\/novoportal\/wp-json\/wp\/v2\/comments?post=61464"}],"version-history":[{"count":2,"href":"https:\/\/www.sudoestehoje.com.br\/novoportal\/wp-json\/wp\/v2\/posts\/61464\/revisions"}],"predecessor-version":[{"id":61470,"href":"https:\/\/www.sudoestehoje.com.br\/novoportal\/wp-json\/wp\/v2\/posts\/61464\/revisions\/61470"}],"wp:attachment":[{"href":"https:\/\/www.sudoestehoje.com.br\/novoportal\/wp-json\/wp\/v2\/media?parent=61464"}],"wp:term":[{"taxonomy":"category","embeddable":true,"href":"https:\/\/www.sudoestehoje.com.br\/novoportal\/wp-json\/wp\/v2\/categories?post=61464"},{"taxonomy":"post_tag","embeddable":true,"href":"https:\/\/www.sudoestehoje.com.br\/novoportal\/wp-json\/wp\/v2\/tags?post=61464"}],"curies":[{"name":"wp","href":"https:\/\/api.w.org\/{rel}","templated":true}]}}