
{"id":61451,"date":"2016-09-28T17:01:57","date_gmt":"2016-09-28T20:01:57","guid":{"rendered":"http:\/\/www.sudoestehoje.com.br\/novoportal\/?p=61451"},"modified":"2016-09-28T17:01:57","modified_gmt":"2016-09-28T20:01:57","slug":"rodrigo-e-renan-se-reunem-com-empregados-e-direcao-da-vita-ambiental","status":"publish","type":"post","link":"https:\/\/www.sudoestehoje.com.br\/novoportal\/2016\/09\/28\/rodrigo-e-renan-se-reunem-com-empregados-e-direcao-da-vita-ambiental\/","title":{"rendered":"RODRIGO E RENAN SE RE\u00daNEM COM EMPREGADOS E DIRE\u00c7\u00c3O DA VITA AMBIENTAL"},"content":{"rendered":"<p><a href=\"http:\/\/www.sudoestehoje.com.br\/novoportal\/wp-content\/uploads\/2016\/09\/vita-1-1.jpg\" rel=\"attachment wp-att-61452\"><img loading=\"lazy\" decoding=\"async\" class=\"aligncenter size-medium wp-image-61452\" src=\"http:\/\/www.sudoestehoje.com.br\/novoportal\/wp-content\/uploads\/2016\/09\/vita-1-1-500x331.jpg\" alt=\"vita-1\" width=\"500\" height=\"331\" srcset=\"https:\/\/www.sudoestehoje.com.br\/novoportal\/wp-content\/uploads\/2016\/09\/vita-1-1-500x331.jpg 500w, https:\/\/www.sudoestehoje.com.br\/novoportal\/wp-content\/uploads\/2016\/09\/vita-1-1-768x508.jpg 768w, https:\/\/www.sudoestehoje.com.br\/novoportal\/wp-content\/uploads\/2016\/09\/vita-1-1-700x463.jpg 700w, https:\/\/www.sudoestehoje.com.br\/novoportal\/wp-content\/uploads\/2016\/09\/vita-1-1.jpg 960w\" sizes=\"auto, (max-width: 500px) 100vw, 500px\" \/><\/a><\/p>\n<p>Com a rescis\u00e3o insensata e arbitr\u00e1ria do contrato de presta\u00e7\u00e3o de servi\u00e7os de coleta de lixo em Itapetinga, pelo prefeito Z\u00e9 Carlos, o impacto foi sentido em toda a cidade e acabou repercutindo nos meios pol\u00edticos, nesta \u00faltima semana da campanha eleitoral.<\/p>\n<p>Foi neste contexto que o candidato Rodrigo Hagge e seu vice Renan Pereira atenderam ao convite dos empregados demission\u00e1rios e diretores da empresa, para discutirem uma solu\u00e7\u00e3o para o impasse, caso venham a ser eleitos no pr\u00f3ximo domingo, dia 2 de outubro.<\/p>\n<p><a href=\"http:\/\/www.sudoestehoje.com.br\/novoportal\/wp-content\/uploads\/2016\/09\/vita-2-1.jpg\" rel=\"attachment wp-att-61453\"><img loading=\"lazy\" decoding=\"async\" class=\"aligncenter size-medium wp-image-61453\" src=\"http:\/\/www.sudoestehoje.com.br\/novoportal\/wp-content\/uploads\/2016\/09\/vita-2-1-500x315.jpg\" alt=\"vita-2\" width=\"500\" height=\"315\" srcset=\"https:\/\/www.sudoestehoje.com.br\/novoportal\/wp-content\/uploads\/2016\/09\/vita-2-1-500x315.jpg 500w, https:\/\/www.sudoestehoje.com.br\/novoportal\/wp-content\/uploads\/2016\/09\/vita-2-1-768x484.jpg 768w, https:\/\/www.sudoestehoje.com.br\/novoportal\/wp-content\/uploads\/2016\/09\/vita-2-1-700x441.jpg 700w, https:\/\/www.sudoestehoje.com.br\/novoportal\/wp-content\/uploads\/2016\/09\/vita-2-1.jpg 960w\" sizes=\"auto, (max-width: 500px) 100vw, 500px\" \/><\/a><\/p>\n<p>Na reuni\u00e3o informal na garagem da empresa, na tarde desta ter\u00e7a-feira (27), Rodrigo e Renan Pereira se dirigiram aos funcion\u00e1rios da Vita de forma sincera e aberta, garantindo que no caso de serem eleitos, buscar\u00e3o preservar os seus empregos, adotando medidas legais para essa finalidade.<\/p>\n<p>Aos diretores da empresa, Rodrigo garantiu que o seu intento, logo que assumir o mandato de prefeito, \u00e9 respeitar todos os contratos firmados legalmente pela atual administra\u00e7\u00e3o, quitando, na medida do poss\u00edvel, todas as d\u00edvidas contra\u00eddas pelo munic\u00edpio, desde que estejam devidamente empenhadas e dentro da legalidade.<\/p>\n<p><a href=\"http:\/\/www.sudoestehoje.com.br\/novoportal\/wp-content\/uploads\/2016\/09\/vita-3-1.jpg\" rel=\"attachment wp-att-61454\"><img loading=\"lazy\" decoding=\"async\" class=\"aligncenter  wp-image-61454\" src=\"http:\/\/www.sudoestehoje.com.br\/novoportal\/wp-content\/uploads\/2016\/09\/vita-3-1.jpg\" alt=\"vita-3\" width=\"499\" height=\"215\" \/><\/a><\/p>\n<p>Satisfeito com a sinceridade e boa vontade de Rodrigo e Renan, o diretor da Vita Ambiental, Marco Correia, agradeceu em seu nome e dos empregados, a aten\u00e7\u00e3o dispensada por Rodrigo e a sua sensibilidade para encontrar uma solu\u00e7\u00e3o vi\u00e1vel para o impasse, evitando preju\u00edzos para a empresa e seus empregados.<\/p>\n<p>Estiveram presentes ao encontro os vereadores Fabiano Bahia, Jo\u00e3o de Deus, Naara Duarte e Tarug\u00e3o, al\u00e9m da ex-deputada Virg\u00ednia Hagge e apoiadores de Rodrigo e Renan.<\/p>\n<p><strong><em>Por Davi Ferraz\u00a0<\/em><\/strong><\/p>\n","protected":false},"excerpt":{"rendered":"<p>Com a rescis\u00e3o insensata e arbitr\u00e1ria do contrato de presta\u00e7\u00e3o de servi\u00e7os de coleta de lixo em Itapetinga, pelo prefeito Z\u00e9 Carlos, o impacto foi sentido em toda a cidade e acabou repercutindo nos meios pol\u00edticos, nesta \u00faltima semana da campanha eleitoral. Foi neste contexto que o candidato Rodrigo Hagge e seu vice Renan Pereira [&hellip;]<\/p>\n","protected":false},"author":2,"featured_media":0,"comment_status":"open","ping_status":"open","sticky":false,"template":"","format":"standard","meta":{"footnotes":"","_links_to":"","_links_to_target":""},"categories":[1],"tags":[],"class_list":["post-61451","post","type-post","status-publish","format-standard","hentry","category-geral"],"views":1499,"_links":{"self":[{"href":"https:\/\/www.sudoestehoje.com.br\/novoportal\/wp-json\/wp\/v2\/posts\/61451","targetHints":{"allow":["GET"]}}],"collection":[{"href":"https:\/\/www.sudoestehoje.com.br\/novoportal\/wp-json\/wp\/v2\/posts"}],"about":[{"href":"https:\/\/www.sudoestehoje.com.br\/novoportal\/wp-json\/wp\/v2\/types\/post"}],"author":[{"embeddable":true,"href":"https:\/\/www.sudoestehoje.com.br\/novoportal\/wp-json\/wp\/v2\/users\/2"}],"replies":[{"embeddable":true,"href":"https:\/\/www.sudoestehoje.com.br\/novoportal\/wp-json\/wp\/v2\/comments?post=61451"}],"version-history":[{"count":2,"href":"https:\/\/www.sudoestehoje.com.br\/novoportal\/wp-json\/wp\/v2\/posts\/61451\/revisions"}],"predecessor-version":[{"id":61456,"href":"https:\/\/www.sudoestehoje.com.br\/novoportal\/wp-json\/wp\/v2\/posts\/61451\/revisions\/61456"}],"wp:attachment":[{"href":"https:\/\/www.sudoestehoje.com.br\/novoportal\/wp-json\/wp\/v2\/media?parent=61451"}],"wp:term":[{"taxonomy":"category","embeddable":true,"href":"https:\/\/www.sudoestehoje.com.br\/novoportal\/wp-json\/wp\/v2\/categories?post=61451"},{"taxonomy":"post_tag","embeddable":true,"href":"https:\/\/www.sudoestehoje.com.br\/novoportal\/wp-json\/wp\/v2\/tags?post=61451"}],"curies":[{"name":"wp","href":"https:\/\/api.w.org\/{rel}","templated":true}]}}