
{"id":61422,"date":"2016-09-27T22:05:37","date_gmt":"2016-09-28T01:05:37","guid":{"rendered":"http:\/\/www.sudoestehoje.com.br\/novoportal\/?p=61422"},"modified":"2016-09-28T16:32:10","modified_gmt":"2016-09-28T19:32:10","slug":"eleicoes-no-cassiano-goncalves-o-aue-do-sarue-ja-comecou","status":"publish","type":"post","link":"https:\/\/www.sudoestehoje.com.br\/novoportal\/2016\/09\/27\/eleicoes-no-cassiano-goncalves-o-aue-do-sarue-ja-comecou\/","title":{"rendered":"ELEI\u00c7\u00d5ES: NO CASSIANO GON\u00c7ALVES, O &#8220;AU\u00ca DO SARU\u00ca&#8221; J\u00c1 COME\u00c7OU!"},"content":{"rendered":"<p><a href=\"http:\/\/www.sudoestehoje.com.br\/novoportal\/wp-content\/uploads\/2016\/09\/ca.jpg\" rel=\"attachment wp-att-61447\"><img loading=\"lazy\" decoding=\"async\" class=\"aligncenter size-medium wp-image-61447\" src=\"http:\/\/www.sudoestehoje.com.br\/novoportal\/wp-content\/uploads\/2016\/09\/ca-500x331.jpg\" alt=\"ca\" width=\"500\" height=\"331\" srcset=\"https:\/\/www.sudoestehoje.com.br\/novoportal\/wp-content\/uploads\/2016\/09\/ca-500x331.jpg 500w, https:\/\/www.sudoestehoje.com.br\/novoportal\/wp-content\/uploads\/2016\/09\/ca-768x508.jpg 768w, https:\/\/www.sudoestehoje.com.br\/novoportal\/wp-content\/uploads\/2016\/09\/ca-700x463.jpg 700w, https:\/\/www.sudoestehoje.com.br\/novoportal\/wp-content\/uploads\/2016\/09\/ca.jpg 960w\" sizes=\"auto, (max-width: 500px) 100vw, 500px\" \/><\/a>Em reta final de campanha, os candidatos Rodrigo Hagge e Renan Pereira, do 15, fizeram uma visita ao Residencial Cassiano Gon\u00e7alves, na tarde desta ter\u00e7a-feira. Recebidos com carinho pelos moradores, Rodrigo e Renan foram surpreendidos com o movimento feito pela maioria dos moradores, que, vestidos de amarelo, com bandeiras e de forma espont\u00e2nea, acompanharam os candidatos pelo local.<\/p>\n<p><a href=\"http:\/\/www.sudoestehoje.com.br\/novoportal\/wp-content\/uploads\/2016\/09\/cass-1.jpg\" rel=\"attachment wp-att-61424\"><img loading=\"lazy\" decoding=\"async\" class=\"aligncenter size-medium wp-image-61424\" src=\"http:\/\/www.sudoestehoje.com.br\/novoportal\/wp-content\/uploads\/2016\/09\/cass-1-500x368.jpg\" alt=\"cass-1\" width=\"500\" height=\"368\" srcset=\"https:\/\/www.sudoestehoje.com.br\/novoportal\/wp-content\/uploads\/2016\/09\/cass-1-500x368.jpg 500w, https:\/\/www.sudoestehoje.com.br\/novoportal\/wp-content\/uploads\/2016\/09\/cass-1-700x515.jpg 700w, https:\/\/www.sudoestehoje.com.br\/novoportal\/wp-content\/uploads\/2016\/09\/cass-1.jpg 765w\" sizes=\"auto, (max-width: 500px) 100vw, 500px\" \/><\/a><\/p>\n<p>Euf\u00f3ricos e apoiando a movimenta\u00e7\u00e3o do 15, jovens e adultos ao conversarem com os candidatos e confirmaram presen\u00e7a no evento da pr\u00f3xima quinta-feira, o \u201c\u00c2ue do Saru\u00ea\u201d, que ser\u00e1 um grande encontro dos eleitores do 15 no Parque da Lagoa.<\/p>\n<p><a href=\"http:\/\/www.sudoestehoje.com.br\/novoportal\/wp-content\/uploads\/2016\/09\/CASS-2.jpg\" rel=\"attachment wp-att-61427\"><img loading=\"lazy\" decoding=\"async\" class=\"aligncenter size-medium wp-image-61427\" src=\"http:\/\/www.sudoestehoje.com.br\/novoportal\/wp-content\/uploads\/2016\/09\/CASS-2-500x281.jpg\" alt=\"cass-2\" width=\"500\" height=\"281\" srcset=\"https:\/\/www.sudoestehoje.com.br\/novoportal\/wp-content\/uploads\/2016\/09\/CASS-2-500x281.jpg 500w, https:\/\/www.sudoestehoje.com.br\/novoportal\/wp-content\/uploads\/2016\/09\/CASS-2-768x432.jpg 768w, https:\/\/www.sudoestehoje.com.br\/novoportal\/wp-content\/uploads\/2016\/09\/CASS-2-700x394.jpg 700w, https:\/\/www.sudoestehoje.com.br\/novoportal\/wp-content\/uploads\/2016\/09\/CASS-2.jpg 960w\" sizes=\"auto, (max-width: 500px) 100vw, 500px\" \/><\/a><\/p>\n<p>\u201cAgrade\u00e7o muito emocionado \u00e0 recep\u00e7\u00e3o que tivemos no Cassiano Gon\u00e7alves, de forma espont\u00e2nea as pessoas vieram ao nosso encontro e entenderam a nossa mensagem. Tenham certeza que poderemos lutar por dias melhores para nossa comunidade, os residenciais tamb\u00e9m receber\u00e3o uma aten\u00e7\u00e3o especial de nossa administra\u00e7\u00e3o, com f\u00e9 em Deus, quando tivermos a oportunidade de come\u00e7ar a administrar a cidade\u201d, disse Rodrigo Hagge.<\/p>\n<p><strong>Mira virou!<\/strong><\/p>\n<p><a href=\"http:\/\/www.sudoestehoje.com.br\/novoportal\/wp-content\/uploads\/2016\/09\/mira.jpg\" rel=\"attachment wp-att-61439\"><img loading=\"lazy\" decoding=\"async\" class=\"aligncenter size-medium wp-image-61439\" src=\"http:\/\/www.sudoestehoje.com.br\/novoportal\/wp-content\/uploads\/2016\/09\/mira-500x292.jpg\" alt=\"mira\" width=\"500\" height=\"292\" srcset=\"https:\/\/www.sudoestehoje.com.br\/novoportal\/wp-content\/uploads\/2016\/09\/mira-500x292.jpg 500w, https:\/\/www.sudoestehoje.com.br\/novoportal\/wp-content\/uploads\/2016\/09\/mira-768x449.jpg 768w, https:\/\/www.sudoestehoje.com.br\/novoportal\/wp-content\/uploads\/2016\/09\/mira-700x409.jpg 700w, https:\/\/www.sudoestehoje.com.br\/novoportal\/wp-content\/uploads\/2016\/09\/mira.jpg 960w\" sizes=\"auto, (max-width: 500px) 100vw, 500px\" \/><\/a><\/p>\n<p>Na noite da ter\u00e7a, no outro lado da cidade, no Residencial 12 de Dezembro, Rodrigo e Renan foram participar de um bate-papo promovido pela candidata a vereadora Mira (PSB), que resolveu emprestar sua solidariedade tamb\u00e9m \u00e0 campanha de Rodrigo e Renan.<\/p>\n<p>Apoiadora do 12, Mira disse ter enxergado em tempo, nos candidatos Rodrigo e Renan, a melhor solu\u00e7\u00e3o para administrar a cidade. \u201cPassamos muito tempo esperando melhorias para esse lado da cidade, vimos a poeira e a lama tomar conta do acesso a esse bairro e os demais aqui pr\u00f3ximos e nenhuma atitude foi tomada para melhorar. Agora, apoiamos Rodrigo Hagge e Renan, pois vemos que eles podem trazer a esperan\u00e7a de volta a nosso povo sofrido\u201d, discursou a candidata. <strong><em>Ascom RR<\/em><\/strong><\/p>\n\n\t\t<style type=\"text\/css\">\n\t\t\t#gallery-1 {\n\t\t\t\tmargin: auto;\n\t\t\t}\n\t\t\t#gallery-1 .gallery-item {\n\t\t\t\tfloat: left;\n\t\t\t\tmargin-top: 10px;\n\t\t\t\ttext-align: center;\n\t\t\t\twidth: 33%;\n\t\t\t}\n\t\t\t#gallery-1 img {\n\t\t\t\tborder: 2px solid #cfcfcf;\n\t\t\t}\n\t\t\t#gallery-1 .gallery-caption {\n\t\t\t\tmargin-left: 0;\n\t\t\t}\n\t\t\t\/* see gallery_shortcode() in wp-includes\/media.php *\/\n\t\t<\/style>\n\t\t<div id='gallery-1' class='gallery galleryid-61422 gallery-columns-3 gallery-size-thumbnail'><dl class='gallery-item'>\n\t\t\t<dt class='gallery-icon landscape'>\n\t\t\t\t<a href='https:\/\/www.sudoestehoje.com.br\/novoportal\/2016\/09\/27\/eleicoes-no-cassiano-goncalves-o-aue-do-sarue-ja-comecou\/ca-7-2\/'><img loading=\"lazy\" decoding=\"async\" width=\"150\" height=\"150\" src=\"https:\/\/www.sudoestehoje.com.br\/novoportal\/wp-content\/uploads\/2016\/09\/ca-7-1-150x150.jpg\" class=\"attachment-thumbnail size-thumbnail\" alt=\"\" \/><\/a>\n\t\t\t<\/dt><\/dl><dl class='gallery-item'>\n\t\t\t<dt class='gallery-icon landscape'>\n\t\t\t\t<a href='https:\/\/www.sudoestehoje.com.br\/novoportal\/2016\/09\/27\/eleicoes-no-cassiano-goncalves-o-aue-do-sarue-ja-comecou\/ca-6-2\/'><img loading=\"lazy\" decoding=\"async\" width=\"150\" height=\"150\" src=\"https:\/\/www.sudoestehoje.com.br\/novoportal\/wp-content\/uploads\/2016\/09\/ca-6-150x150.jpg\" class=\"attachment-thumbnail size-thumbnail\" alt=\"\" \/><\/a>\n\t\t\t<\/dt><\/dl><dl class='gallery-item'>\n\t\t\t<dt class='gallery-icon landscape'>\n\t\t\t\t<a href='https:\/\/www.sudoestehoje.com.br\/novoportal\/2016\/09\/27\/eleicoes-no-cassiano-goncalves-o-aue-do-sarue-ja-comecou\/ca-5-2\/'><img loading=\"lazy\" decoding=\"async\" width=\"150\" height=\"150\" src=\"https:\/\/www.sudoestehoje.com.br\/novoportal\/wp-content\/uploads\/2016\/09\/ca-5-150x150.jpg\" class=\"attachment-thumbnail size-thumbnail\" alt=\"\" \/><\/a>\n\t\t\t<\/dt><\/dl><br style=\"clear: both\" \/><dl class='gallery-item'>\n\t\t\t<dt class='gallery-icon landscape'>\n\t\t\t\t<a href='https:\/\/www.sudoestehoje.com.br\/novoportal\/2016\/09\/27\/eleicoes-no-cassiano-goncalves-o-aue-do-sarue-ja-comecou\/ca-4-2\/'><img loading=\"lazy\" decoding=\"async\" width=\"150\" height=\"150\" src=\"https:\/\/www.sudoestehoje.com.br\/novoportal\/wp-content\/uploads\/2016\/09\/ca-4-150x150.jpg\" class=\"attachment-thumbnail size-thumbnail\" alt=\"\" \/><\/a>\n\t\t\t<\/dt><\/dl><dl class='gallery-item'>\n\t\t\t<dt class='gallery-icon landscape'>\n\t\t\t\t<a href='https:\/\/www.sudoestehoje.com.br\/novoportal\/2016\/09\/27\/eleicoes-no-cassiano-goncalves-o-aue-do-sarue-ja-comecou\/ca-3-5\/'><img loading=\"lazy\" decoding=\"async\" width=\"150\" height=\"150\" src=\"https:\/\/www.sudoestehoje.com.br\/novoportal\/wp-content\/uploads\/2016\/09\/ca-3-150x150.jpg\" class=\"attachment-thumbnail size-thumbnail\" alt=\"\" \/><\/a>\n\t\t\t<\/dt><\/dl><dl class='gallery-item'>\n\t\t\t<dt class='gallery-icon landscape'>\n\t\t\t\t<a href='https:\/\/www.sudoestehoje.com.br\/novoportal\/2016\/09\/27\/eleicoes-no-cassiano-goncalves-o-aue-do-sarue-ja-comecou\/ca-1-4\/'><img loading=\"lazy\" decoding=\"async\" width=\"150\" height=\"150\" src=\"https:\/\/www.sudoestehoje.com.br\/novoportal\/wp-content\/uploads\/2016\/09\/ca-1-150x150.jpg\" class=\"attachment-thumbnail size-thumbnail\" alt=\"\" \/><\/a>\n\t\t\t<\/dt><\/dl><br style=\"clear: both\" \/>\n\t\t<\/div>\n\n","protected":false},"excerpt":{"rendered":"<p>Em reta final de campanha, os candidatos Rodrigo Hagge e Renan Pereira, do 15, fizeram uma visita ao Residencial Cassiano Gon\u00e7alves, na tarde desta ter\u00e7a-feira. Recebidos com carinho pelos moradores, Rodrigo e Renan foram surpreendidos com o movimento feito pela maioria dos moradores, que, vestidos de amarelo, com bandeiras e de forma espont\u00e2nea, acompanharam os [&hellip;]<\/p>\n","protected":false},"author":2,"featured_media":0,"comment_status":"open","ping_status":"open","sticky":false,"template":"","format":"standard","meta":{"footnotes":"","_links_to":"","_links_to_target":""},"categories":[1],"tags":[],"class_list":["post-61422","post","type-post","status-publish","format-standard","hentry","category-geral"],"views":2062,"_links":{"self":[{"href":"https:\/\/www.sudoestehoje.com.br\/novoportal\/wp-json\/wp\/v2\/posts\/61422","targetHints":{"allow":["GET"]}}],"collection":[{"href":"https:\/\/www.sudoestehoje.com.br\/novoportal\/wp-json\/wp\/v2\/posts"}],"about":[{"href":"https:\/\/www.sudoestehoje.com.br\/novoportal\/wp-json\/wp\/v2\/types\/post"}],"author":[{"embeddable":true,"href":"https:\/\/www.sudoestehoje.com.br\/novoportal\/wp-json\/wp\/v2\/users\/2"}],"replies":[{"embeddable":true,"href":"https:\/\/www.sudoestehoje.com.br\/novoportal\/wp-json\/wp\/v2\/comments?post=61422"}],"version-history":[{"count":6,"href":"https:\/\/www.sudoestehoje.com.br\/novoportal\/wp-json\/wp\/v2\/posts\/61422\/revisions"}],"predecessor-version":[{"id":61450,"href":"https:\/\/www.sudoestehoje.com.br\/novoportal\/wp-json\/wp\/v2\/posts\/61422\/revisions\/61450"}],"wp:attachment":[{"href":"https:\/\/www.sudoestehoje.com.br\/novoportal\/wp-json\/wp\/v2\/media?parent=61422"}],"wp:term":[{"taxonomy":"category","embeddable":true,"href":"https:\/\/www.sudoestehoje.com.br\/novoportal\/wp-json\/wp\/v2\/categories?post=61422"},{"taxonomy":"post_tag","embeddable":true,"href":"https:\/\/www.sudoestehoje.com.br\/novoportal\/wp-json\/wp\/v2\/tags?post=61422"}],"curies":[{"name":"wp","href":"https:\/\/api.w.org\/{rel}","templated":true}]}}