
{"id":61419,"date":"2016-09-27T20:00:17","date_gmt":"2016-09-27T23:00:17","guid":{"rendered":"http:\/\/www.sudoestehoje.com.br\/novoportal\/?p=61419"},"modified":"2016-09-28T23:50:38","modified_gmt":"2016-09-29T02:50:38","slug":"stf-aceita-denuncia-e-torna-gleisi-e-paulo-bernardo-reus-na-lava-jato","status":"publish","type":"post","link":"https:\/\/www.sudoestehoje.com.br\/novoportal\/2016\/09\/27\/stf-aceita-denuncia-e-torna-gleisi-e-paulo-bernardo-reus-na-lava-jato\/","title":{"rendered":"STF ACEITA DEN\u00daNCIA E TORNA GLEISI E PAULO BERNARDO R\u00c9US NA LAVA JATO"},"content":{"rendered":"<p><a href=\"http:\/\/www.sudoestehoje.com.br\/novoportal\/wp-content\/uploads\/2016\/09\/GLEISI.png\" rel=\"attachment wp-att-61420\"><img loading=\"lazy\" decoding=\"async\" class=\"aligncenter size-medium wp-image-61420\" src=\"http:\/\/www.sudoestehoje.com.br\/novoportal\/wp-content\/uploads\/2016\/09\/GLEISI-500x328.png\" alt=\"gleisi\" width=\"500\" height=\"328\" srcset=\"https:\/\/www.sudoestehoje.com.br\/novoportal\/wp-content\/uploads\/2016\/09\/GLEISI-500x328.png 500w, https:\/\/www.sudoestehoje.com.br\/novoportal\/wp-content\/uploads\/2016\/09\/GLEISI-768x504.png 768w, https:\/\/www.sudoestehoje.com.br\/novoportal\/wp-content\/uploads\/2016\/09\/GLEISI-700x459.png 700w, https:\/\/www.sudoestehoje.com.br\/novoportal\/wp-content\/uploads\/2016\/09\/GLEISI.png 886w\" sizes=\"auto, (max-width: 500px) 100vw, 500px\" \/><\/a><\/p>\n<p>A Segunda Turma do Supremo Tribunal Federal (STF), composta por cinco ministros, aceitou por unanimidade nesta ter\u00e7a-feira (27) den\u00fancia apresentada pela Procuradoria Geral da Rep\u00fablica (PGR) contra a senadora Gleisi Hoffmann (PT-PR) e o marido dela, o ex-ministro Paulo Bernardo, na Opera\u00e7\u00e3o Lava Jato.<\/p>\n<p>O STF tamb\u00e9m aceitou a den\u00fancia contra o empres\u00e1rio Ernesto Kugler Rodrigues, ligado ao casal. Com isso, os tr\u00eas passam \u00e0 condi\u00e7\u00e3o de r\u00e9us no processo. Eles s\u00e3o acusados pelos crimes de corrup\u00e7\u00e3o passiva e lavagem de dinheiro.<\/p>\n<p>Como o processo n\u00e3o foi desmembrado, todos os tr\u00eas responder\u00e3o ao processo no Supremo.\u00a0Gleisi \u00e9 a primeira senadora a se tornar r\u00e9 na Lava Jato.<em><strong> G1<\/strong><\/em><\/p>\n","protected":false},"excerpt":{"rendered":"<p>A Segunda Turma do Supremo Tribunal Federal (STF), composta por cinco ministros, aceitou por unanimidade nesta ter\u00e7a-feira (27) den\u00fancia apresentada pela Procuradoria Geral da Rep\u00fablica (PGR) contra a senadora Gleisi Hoffmann (PT-PR) e o marido dela, o ex-ministro Paulo Bernardo, na Opera\u00e7\u00e3o Lava Jato. O STF tamb\u00e9m aceitou a den\u00fancia contra o empres\u00e1rio Ernesto Kugler [&hellip;]<\/p>\n","protected":false},"author":2,"featured_media":0,"comment_status":"open","ping_status":"open","sticky":false,"template":"","format":"standard","meta":{"footnotes":"","_links_to":"","_links_to_target":""},"categories":[1],"tags":[],"class_list":["post-61419","post","type-post","status-publish","format-standard","hentry","category-geral"],"views":1238,"_links":{"self":[{"href":"https:\/\/www.sudoestehoje.com.br\/novoportal\/wp-json\/wp\/v2\/posts\/61419","targetHints":{"allow":["GET"]}}],"collection":[{"href":"https:\/\/www.sudoestehoje.com.br\/novoportal\/wp-json\/wp\/v2\/posts"}],"about":[{"href":"https:\/\/www.sudoestehoje.com.br\/novoportal\/wp-json\/wp\/v2\/types\/post"}],"author":[{"embeddable":true,"href":"https:\/\/www.sudoestehoje.com.br\/novoportal\/wp-json\/wp\/v2\/users\/2"}],"replies":[{"embeddable":true,"href":"https:\/\/www.sudoestehoje.com.br\/novoportal\/wp-json\/wp\/v2\/comments?post=61419"}],"version-history":[{"count":1,"href":"https:\/\/www.sudoestehoje.com.br\/novoportal\/wp-json\/wp\/v2\/posts\/61419\/revisions"}],"predecessor-version":[{"id":61421,"href":"https:\/\/www.sudoestehoje.com.br\/novoportal\/wp-json\/wp\/v2\/posts\/61419\/revisions\/61421"}],"wp:attachment":[{"href":"https:\/\/www.sudoestehoje.com.br\/novoportal\/wp-json\/wp\/v2\/media?parent=61419"}],"wp:term":[{"taxonomy":"category","embeddable":true,"href":"https:\/\/www.sudoestehoje.com.br\/novoportal\/wp-json\/wp\/v2\/categories?post=61419"},{"taxonomy":"post_tag","embeddable":true,"href":"https:\/\/www.sudoestehoje.com.br\/novoportal\/wp-json\/wp\/v2\/tags?post=61419"}],"curies":[{"name":"wp","href":"https:\/\/api.w.org\/{rel}","templated":true}]}}