
{"id":61215,"date":"2016-09-24T00:38:58","date_gmt":"2016-09-24T03:38:58","guid":{"rendered":"http:\/\/www.sudoestehoje.com.br\/novoportal\/?p=61215"},"modified":"2016-09-24T00:42:15","modified_gmt":"2016-09-24T03:42:15","slug":"salvador-parte-do-centro-de-convencoes-desaba-e-deixa-feridos","status":"publish","type":"post","link":"https:\/\/www.sudoestehoje.com.br\/novoportal\/2016\/09\/24\/salvador-parte-do-centro-de-convencoes-desaba-e-deixa-feridos\/","title":{"rendered":"SALVADOR: PARTE DA ESTRUTURA DO CENTRO DE CONVEN\u00c7\u00d5ES DESABA E DEIXA FERIDOS"},"content":{"rendered":"<p><a href=\"http:\/\/www.sudoestehoje.com.br\/novoportal\/wp-content\/uploads\/2016\/09\/CENTRO.jpg\" rel=\"attachment wp-att-61216\"><img loading=\"lazy\" decoding=\"async\" class=\"aligncenter size-medium wp-image-61216\" src=\"http:\/\/www.sudoestehoje.com.br\/novoportal\/wp-content\/uploads\/2016\/09\/CENTRO-500x321.jpg\" alt=\"centro\" width=\"500\" height=\"321\" srcset=\"https:\/\/www.sudoestehoje.com.br\/novoportal\/wp-content\/uploads\/2016\/09\/CENTRO-500x321.jpg 500w, https:\/\/www.sudoestehoje.com.br\/novoportal\/wp-content\/uploads\/2016\/09\/CENTRO.jpg 560w\" sizes=\"auto, (max-width: 500px) 100vw, 500px\" \/><\/a><\/p>\n<p>Parte de uma estrutura do Centro de Conven\u00e7\u00f5es da Bahia desabou na noite desta sexta-feira (23). Segundo informa\u00e7\u00f5es do rep\u00f3rter do iBahia, tr\u00eas\u00a0pessoas ficaram com\u00a0ferimentos leves\u00a0com o acidente, que aconteceu por volta das 20h40.<\/p>\n<p>De acordo com o Corpo de Bombeiros, h\u00e1 risco de um desabamento ainda maior. Al\u00e9m do Corpo de Bombeiros, as equipes do Samu e da Pol\u00edcia Militar tamb\u00e9m est\u00e3o no local e pediram que as pessoas ficassem a cerca de 150 metros de dist\u00e2ncia do local.<\/p>\n<p><a href=\"http:\/\/www.sudoestehoje.com.br\/novoportal\/wp-content\/uploads\/2016\/09\/CENTRO-1.jpg\" rel=\"attachment wp-att-61220\"><img loading=\"lazy\" decoding=\"async\" class=\"aligncenter  wp-image-61220\" src=\"http:\/\/www.sudoestehoje.com.br\/novoportal\/wp-content\/uploads\/2016\/09\/CENTRO-1.jpg\" alt=\"centro-1\" width=\"501\" height=\"369\" \/><\/a><\/p>\n<p>A assessoria de imprensa da Secretaria de Turismo da Bahia (SETUR) ainda n\u00e3o tem mais informa\u00e7\u00f5es sobre o desabamento e nem sobre as pessoas feridas.\u00a0O Centro de Conven\u00e7\u00f5es est\u00e1 fechado desde meados do ano passado e tinha previs\u00e3o para reabrir no pr\u00f3ximo dia 15.<\/p>\n<p>O primeiro evento confirmado para o local \u00e9 o Congresso Internacional de Odontologia, a partir do dia 2 de novembro, com cerca de 10 mil participantes.\u00a0O investimento nas reformas foi de cerca de R$ 15 milh\u00f5es.<\/p>\n","protected":false},"excerpt":{"rendered":"<p>Parte de uma estrutura do Centro de Conven\u00e7\u00f5es da Bahia desabou na noite desta sexta-feira (23). Segundo informa\u00e7\u00f5es do rep\u00f3rter do iBahia, tr\u00eas\u00a0pessoas ficaram com\u00a0ferimentos leves\u00a0com o acidente, que aconteceu por volta das 20h40. De acordo com o Corpo de Bombeiros, h\u00e1 risco de um desabamento ainda maior. Al\u00e9m do Corpo de Bombeiros, as equipes [&hellip;]<\/p>\n","protected":false},"author":2,"featured_media":0,"comment_status":"open","ping_status":"open","sticky":false,"template":"","format":"standard","meta":{"footnotes":"","_links_to":"","_links_to_target":""},"categories":[1],"tags":[],"class_list":["post-61215","post","type-post","status-publish","format-standard","hentry","category-geral"],"views":1156,"_links":{"self":[{"href":"https:\/\/www.sudoestehoje.com.br\/novoportal\/wp-json\/wp\/v2\/posts\/61215","targetHints":{"allow":["GET"]}}],"collection":[{"href":"https:\/\/www.sudoestehoje.com.br\/novoportal\/wp-json\/wp\/v2\/posts"}],"about":[{"href":"https:\/\/www.sudoestehoje.com.br\/novoportal\/wp-json\/wp\/v2\/types\/post"}],"author":[{"embeddable":true,"href":"https:\/\/www.sudoestehoje.com.br\/novoportal\/wp-json\/wp\/v2\/users\/2"}],"replies":[{"embeddable":true,"href":"https:\/\/www.sudoestehoje.com.br\/novoportal\/wp-json\/wp\/v2\/comments?post=61215"}],"version-history":[{"count":4,"href":"https:\/\/www.sudoestehoje.com.br\/novoportal\/wp-json\/wp\/v2\/posts\/61215\/revisions"}],"predecessor-version":[{"id":61221,"href":"https:\/\/www.sudoestehoje.com.br\/novoportal\/wp-json\/wp\/v2\/posts\/61215\/revisions\/61221"}],"wp:attachment":[{"href":"https:\/\/www.sudoestehoje.com.br\/novoportal\/wp-json\/wp\/v2\/media?parent=61215"}],"wp:term":[{"taxonomy":"category","embeddable":true,"href":"https:\/\/www.sudoestehoje.com.br\/novoportal\/wp-json\/wp\/v2\/categories?post=61215"},{"taxonomy":"post_tag","embeddable":true,"href":"https:\/\/www.sudoestehoje.com.br\/novoportal\/wp-json\/wp\/v2\/tags?post=61215"}],"curies":[{"name":"wp","href":"https:\/\/api.w.org\/{rel}","templated":true}]}}