
{"id":612,"date":"2010-09-24T22:29:40","date_gmt":"2010-09-25T01:29:40","guid":{"rendered":"http:\/\/sudoestehoje.tempsite.ws\/novoportal\/?p=612"},"modified":"2010-09-24T22:29:40","modified_gmt":"2010-09-25T01:29:40","slug":"exclusivo-justica-eleitoral-barra-festa-da-ambulancia-do-vereador-jacy-almeida-bancada-pelo-grupo-do-prefeito","status":"publish","type":"post","link":"https:\/\/www.sudoestehoje.com.br\/novoportal\/2010\/09\/24\/exclusivo-justica-eleitoral-barra-festa-da-ambulancia-do-vereador-jacy-almeida-bancada-pelo-grupo-do-prefeito\/","title":{"rendered":"EXCLUSIVO: JUSTI\u00c7A ELEITORAL BARRA FESTA DA AMBUL\u00c2NCIA DO VEREADOR JACY ALMEIDA, BANCADA PELO GRUPO DO PREFEITO"},"content":{"rendered":"<div>\n<div style=\"text-align: center;\"><img decoding=\"async\" src=\"http:\/\/ap12socorrismo.files.wordpress.com\/2008\/10\/ambulancia1.gif\" border=\"0\" alt=\"\" \/><\/div>\n<p>ITAPETINGA: A Justi\u00e7a Eleitoral acaba de determinar o cancelamento de uma festa patrocinada pelo prefeito de Itapetinga, Jos\u00e9 Carlos Moura (PT), com o pretexto de receber a doa\u00e7\u00e3o de uma ambul\u00e2ncia prometida pelo vereador democrata Jacy Almeida, duranta sua campanha eleitoral. A festa de arromba, que\u00a0j\u00e1 havia come\u00e7ado desde a manh\u00e3 desta sexta-feira (24), no bairro Nova Itapetinga, com farta distribui\u00e7\u00e3o de cerveja e a\u00a0presen\u00e7a do prefeito e todo o seu staff pol\u00edtico e administrativo, foi programada para fazer frente \u00e0 caminhada e com\u00edcio do candidato Geddel Vieira Lima (PMDB), previstos para hoje.<\/p>\n<p>Al\u00e9m da patrocinar a bebedeira, o grupo do prefeito j\u00e1 havia contratado duas bandas musicais para se apresentarem no evento, em flagrante desrespeito \u00e0 lei eleitoral. Ao tomar conhecimento do il\u00edcito, o Juiz Eleitoral determinou o cancelamento da festa, devendo abrir processo eleitoral contra os candidatos supostamente beneficiados.<\/p>\n<p>O mais intrigante de tudo isto, \u00e9 o &#8216;virada de lado&#8217; do vereador Jacy Almeida,\u00a0que havia declarado apoio \u00e0 deputada\u00a0Virginia Hagge e Geddel, durante evento do PMDB, no final de maio, depois de uma vergonhosa negociata pol\u00edtica. Lembram que denunciei e avisei que isto iria acontecer?<\/p>\n<p>Davi Ferraz<\/p>\n<\/div>\n","protected":false},"excerpt":{"rendered":"<p>ITAPETINGA: A Justi\u00e7a Eleitoral acaba de determinar o cancelamento de uma festa patrocinada pelo prefeito de Itapetinga, Jos\u00e9 Carlos Moura (PT), com o pretexto de receber a doa\u00e7\u00e3o de uma ambul\u00e2ncia prometida pelo vereador democrata Jacy Almeida, duranta sua campanha eleitoral. A festa de arromba, que\u00a0j\u00e1 havia come\u00e7ado desde a manh\u00e3 desta sexta-feira (24), no [&hellip;]<\/p>\n","protected":false},"author":1,"featured_media":0,"comment_status":"open","ping_status":"open","sticky":false,"template":"","format":"standard","meta":{"footnotes":"","_links_to":"","_links_to_target":""},"categories":[1],"tags":[],"class_list":["post-612","post","type-post","status-publish","format-standard","hentry","category-geral"],"views":1210,"_links":{"self":[{"href":"https:\/\/www.sudoestehoje.com.br\/novoportal\/wp-json\/wp\/v2\/posts\/612","targetHints":{"allow":["GET"]}}],"collection":[{"href":"https:\/\/www.sudoestehoje.com.br\/novoportal\/wp-json\/wp\/v2\/posts"}],"about":[{"href":"https:\/\/www.sudoestehoje.com.br\/novoportal\/wp-json\/wp\/v2\/types\/post"}],"author":[{"embeddable":true,"href":"https:\/\/www.sudoestehoje.com.br\/novoportal\/wp-json\/wp\/v2\/users\/1"}],"replies":[{"embeddable":true,"href":"https:\/\/www.sudoestehoje.com.br\/novoportal\/wp-json\/wp\/v2\/comments?post=612"}],"version-history":[{"count":2,"href":"https:\/\/www.sudoestehoje.com.br\/novoportal\/wp-json\/wp\/v2\/posts\/612\/revisions"}],"predecessor-version":[{"id":614,"href":"https:\/\/www.sudoestehoje.com.br\/novoportal\/wp-json\/wp\/v2\/posts\/612\/revisions\/614"}],"wp:attachment":[{"href":"https:\/\/www.sudoestehoje.com.br\/novoportal\/wp-json\/wp\/v2\/media?parent=612"}],"wp:term":[{"taxonomy":"category","embeddable":true,"href":"https:\/\/www.sudoestehoje.com.br\/novoportal\/wp-json\/wp\/v2\/categories?post=612"},{"taxonomy":"post_tag","embeddable":true,"href":"https:\/\/www.sudoestehoje.com.br\/novoportal\/wp-json\/wp\/v2\/tags?post=612"}],"curies":[{"name":"wp","href":"https:\/\/api.w.org\/{rel}","templated":true}]}}