
{"id":61137,"date":"2016-09-22T20:32:53","date_gmt":"2016-09-22T23:32:53","guid":{"rendered":"http:\/\/www.sudoestehoje.com.br\/novoportal\/?p=61137"},"modified":"2016-09-22T23:59:30","modified_gmt":"2016-09-23T02:59:30","slug":"eleicoes-alecio-participa-de-plenaria-dos-candidatos-a-prefeito-no-if-baiano","status":"publish","type":"post","link":"https:\/\/www.sudoestehoje.com.br\/novoportal\/2016\/09\/22\/eleicoes-alecio-participa-de-plenaria-dos-candidatos-a-prefeito-no-if-baiano\/","title":{"rendered":"ELEI\u00c7\u00d5ES: AL\u00c9CIO PARTICIPA DE PLEN\u00c1RIA DOS CANDIDATOS A PREFEITO NO IF BAIANO"},"content":{"rendered":"<p><a href=\"http:\/\/www.sudoestehoje.com.br\/novoportal\/wp-content\/uploads\/2016\/09\/A-1-3.jpg\" rel=\"attachment wp-att-61138\"><img loading=\"lazy\" decoding=\"async\" class=\"aligncenter size-medium wp-image-61138\" src=\"http:\/\/www.sudoestehoje.com.br\/novoportal\/wp-content\/uploads\/2016\/09\/A-1-3-500x333.jpg\" alt=\"a-1\" width=\"500\" height=\"333\" srcset=\"https:\/\/www.sudoestehoje.com.br\/novoportal\/wp-content\/uploads\/2016\/09\/A-1-3-500x333.jpg 500w, https:\/\/www.sudoestehoje.com.br\/novoportal\/wp-content\/uploads\/2016\/09\/A-1-3-768x511.jpg 768w, https:\/\/www.sudoestehoje.com.br\/novoportal\/wp-content\/uploads\/2016\/09\/A-1-3-700x466.jpg 700w, https:\/\/www.sudoestehoje.com.br\/novoportal\/wp-content\/uploads\/2016\/09\/A-1-3.jpg 960w\" sizes=\"auto, (max-width: 500px) 100vw, 500px\" \/><\/a><\/p>\n<p><strong><em>Ascom PSD<\/em><\/strong><\/p>\n<p>Hoje (22) pela manh\u00e3 as 10:00 horas Al\u00e9cio Chaves(PSD), candidato a prefeito de Itapetinga compareceu a uma Plen\u00e1ria promovida pelo IF Baiano, campus Itapetinga.\u00a0Com muito cuidado e carinho explicou detalhadamente o seu plano de Governo, onde o mesmo consiste em transpar\u00eancia, participa\u00e7\u00e3o cidad\u00e3 e \u00e9tica, deixando bem claro que n\u00e3o vende ilus\u00f5es, que na sua gest\u00e3o ele ir\u00e1 trabalhar com coer\u00eancia, realidade, ferramentas de controle para minar a corrup\u00e7\u00e3o, pesquisas de opini\u00e3o p\u00fablica, ampliar participa\u00e7\u00e3o dos conselhos, instala\u00e7\u00e3o de comit\u00eas com c\u00f3digo de \u00e9tica e publica\u00e7\u00e3o de dados e informa\u00e7\u00f5es p\u00fablicas.<\/p>\n<p><a href=\"http:\/\/www.sudoestehoje.com.br\/novoportal\/wp-content\/uploads\/2016\/09\/A-2-3.jpg\" rel=\"attachment wp-att-61139\"><img loading=\"lazy\" decoding=\"async\" class=\"aligncenter size-medium wp-image-61139\" src=\"http:\/\/www.sudoestehoje.com.br\/novoportal\/wp-content\/uploads\/2016\/09\/A-2-3-500x333.jpg\" alt=\"a-2\" width=\"500\" height=\"333\" srcset=\"https:\/\/www.sudoestehoje.com.br\/novoportal\/wp-content\/uploads\/2016\/09\/A-2-3-500x333.jpg 500w, https:\/\/www.sudoestehoje.com.br\/novoportal\/wp-content\/uploads\/2016\/09\/A-2-3-768x511.jpg 768w, https:\/\/www.sudoestehoje.com.br\/novoportal\/wp-content\/uploads\/2016\/09\/A-2-3-700x466.jpg 700w, https:\/\/www.sudoestehoje.com.br\/novoportal\/wp-content\/uploads\/2016\/09\/A-2-3.jpg 960w\" sizes=\"auto, (max-width: 500px) 100vw, 500px\" \/><\/a><\/p>\n<p>Detalhou a estrutura administrativa e mostrou que \u00e9 poss\u00edvel reverter as maiores problem\u00e1ticas que se tem hoje em Itapetinga como por exemplo: falta de emprego e renda. Enfatizou sempre a import\u00e2ncia de se ter pol\u00edticas efetivas, como a realiza\u00e7\u00e3o de concurso p\u00fablico.<\/p>\n<p><a href=\"http:\/\/www.sudoestehoje.com.br\/novoportal\/wp-content\/uploads\/2016\/09\/A-3-3.jpg\" rel=\"attachment wp-att-61140\"><img loading=\"lazy\" decoding=\"async\" class=\"aligncenter size-medium wp-image-61140\" src=\"http:\/\/www.sudoestehoje.com.br\/novoportal\/wp-content\/uploads\/2016\/09\/A-3-3-500x333.jpg\" alt=\"a-3\" width=\"500\" height=\"333\" srcset=\"https:\/\/www.sudoestehoje.com.br\/novoportal\/wp-content\/uploads\/2016\/09\/A-3-3-500x333.jpg 500w, https:\/\/www.sudoestehoje.com.br\/novoportal\/wp-content\/uploads\/2016\/09\/A-3-3-768x511.jpg 768w, https:\/\/www.sudoestehoje.com.br\/novoportal\/wp-content\/uploads\/2016\/09\/A-3-3-700x466.jpg 700w, https:\/\/www.sudoestehoje.com.br\/novoportal\/wp-content\/uploads\/2016\/09\/A-3-3.jpg 960w\" sizes=\"auto, (max-width: 500px) 100vw, 500px\" \/><\/a><\/p>\n<p>Na cultura, implementar um calend\u00e1rio cultural valorizando as pessoas que desenvolvem diferentes manifesta\u00e7\u00f5es culturais e n\u00e3o tem ajuda do munic\u00edpio. O candidato cita in\u00fameras solu\u00e7\u00f5es em rela\u00e7\u00e3o ao meio ambiente, infraestrutura, sa\u00fade, educa\u00e7\u00e3o, tr\u00e2nsito e mobilidade urbana, solu\u00e7\u00f5es coerentes, onde percebe pertin\u00eancia em cada detalhe.<\/p>\n<p><a href=\"http:\/\/www.sudoestehoje.com.br\/novoportal\/wp-content\/uploads\/2016\/09\/A-4-4.jpg\" rel=\"attachment wp-att-61141\"><img loading=\"lazy\" decoding=\"async\" class=\"aligncenter size-medium wp-image-61141\" src=\"http:\/\/www.sudoestehoje.com.br\/novoportal\/wp-content\/uploads\/2016\/09\/A-4-4-500x333.jpg\" alt=\"a-4\" width=\"500\" height=\"333\" srcset=\"https:\/\/www.sudoestehoje.com.br\/novoportal\/wp-content\/uploads\/2016\/09\/A-4-4-500x333.jpg 500w, https:\/\/www.sudoestehoje.com.br\/novoportal\/wp-content\/uploads\/2016\/09\/A-4-4-768x511.jpg 768w, https:\/\/www.sudoestehoje.com.br\/novoportal\/wp-content\/uploads\/2016\/09\/A-4-4-700x466.jpg 700w, https:\/\/www.sudoestehoje.com.br\/novoportal\/wp-content\/uploads\/2016\/09\/A-4-4.jpg 960w\" sizes=\"auto, (max-width: 500px) 100vw, 500px\" \/><\/a><\/p>\n<p>Ao fechar a sua apresenta\u00e7\u00e3o, disse aos alunos que o poder de mudar Itapetinga est\u00e1 &#8220;em nossas m\u00e3os&#8221;, citou mais uma vez que Itapetinga n\u00e3o tem dono, pertence ao povo. E ap\u00f3s a sua fala o mesmo foi imensamente aplaudido.<\/p>\n<p><a href=\"http:\/\/www.sudoestehoje.com.br\/novoportal\/wp-content\/uploads\/2016\/09\/A-6-2.jpg\" rel=\"attachment wp-att-61142\"><img loading=\"lazy\" decoding=\"async\" class=\"aligncenter size-medium wp-image-61142\" src=\"http:\/\/www.sudoestehoje.com.br\/novoportal\/wp-content\/uploads\/2016\/09\/A-6-2-500x333.jpg\" alt=\"a-6\" width=\"500\" height=\"333\" srcset=\"https:\/\/www.sudoestehoje.com.br\/novoportal\/wp-content\/uploads\/2016\/09\/A-6-2-500x333.jpg 500w, https:\/\/www.sudoestehoje.com.br\/novoportal\/wp-content\/uploads\/2016\/09\/A-6-2-768x511.jpg 768w, https:\/\/www.sudoestehoje.com.br\/novoportal\/wp-content\/uploads\/2016\/09\/A-6-2-700x466.jpg 700w, https:\/\/www.sudoestehoje.com.br\/novoportal\/wp-content\/uploads\/2016\/09\/A-6-2.jpg 960w\" sizes=\"auto, (max-width: 500px) 100vw, 500px\" \/><\/a><\/p>\n<p>Ap\u00f3s a apresenta\u00e7\u00e3o, houve a abertura para o debate com os alunos, as perguntas foram muitos interessantes e bem elaboradas e eles se sentiram extremamente satisfeitos ao perceberem que todas as respostas se encontravam no plano de governo.<\/p>\n<p><a href=\"http:\/\/www.sudoestehoje.com.br\/novoportal\/wp-content\/uploads\/2016\/09\/A-7-1.jpg\" rel=\"attachment wp-att-61143\"><img loading=\"lazy\" decoding=\"async\" class=\"aligncenter size-medium wp-image-61143\" src=\"http:\/\/www.sudoestehoje.com.br\/novoportal\/wp-content\/uploads\/2016\/09\/A-7-1-500x333.jpg\" alt=\"a-7\" width=\"500\" height=\"333\" srcset=\"https:\/\/www.sudoestehoje.com.br\/novoportal\/wp-content\/uploads\/2016\/09\/A-7-1-500x333.jpg 500w, https:\/\/www.sudoestehoje.com.br\/novoportal\/wp-content\/uploads\/2016\/09\/A-7-1-768x511.jpg 768w, https:\/\/www.sudoestehoje.com.br\/novoportal\/wp-content\/uploads\/2016\/09\/A-7-1-700x466.jpg 700w, https:\/\/www.sudoestehoje.com.br\/novoportal\/wp-content\/uploads\/2016\/09\/A-7-1.jpg 960w\" sizes=\"auto, (max-width: 500px) 100vw, 500px\" \/><\/a><\/p>\n<p>Por fim, ele teve a oportunidade de esclarecer diversos boatos que foram criados a fim de prejudicar diretamente a sua candidatura, sem difamar ou desqualificar qualquer candidato ele demonstrou que quem tem compet\u00eancia, transpar\u00eancia e tranquilidade para responder qualquer pergunta e reafirmou que se est\u00e3o caluniando \u00e9 porque ele deve estar incomodando.<\/p>\n<p><a href=\"http:\/\/www.sudoestehoje.com.br\/novoportal\/wp-content\/uploads\/2016\/09\/A-5-2.jpg\" rel=\"attachment wp-att-61144\"><img loading=\"lazy\" decoding=\"async\" class=\"aligncenter size-medium wp-image-61144\" src=\"http:\/\/www.sudoestehoje.com.br\/novoportal\/wp-content\/uploads\/2016\/09\/A-5-2-500x333.jpg\" alt=\"a-5\" width=\"500\" height=\"333\" srcset=\"https:\/\/www.sudoestehoje.com.br\/novoportal\/wp-content\/uploads\/2016\/09\/A-5-2-500x333.jpg 500w, https:\/\/www.sudoestehoje.com.br\/novoportal\/wp-content\/uploads\/2016\/09\/A-5-2-768x511.jpg 768w, https:\/\/www.sudoestehoje.com.br\/novoportal\/wp-content\/uploads\/2016\/09\/A-5-2-700x466.jpg 700w, https:\/\/www.sudoestehoje.com.br\/novoportal\/wp-content\/uploads\/2016\/09\/A-5-2.jpg 960w\" sizes=\"auto, (max-width: 500px) 100vw, 500px\" \/><\/a><\/p>\n<p>O que ele quer na verdade \u00e9 promover mudan\u00e7as significativas em prol da cidade e do povo que tanto ama e quer bem.<\/p>\n","protected":false},"excerpt":{"rendered":"<p>Ascom PSD Hoje (22) pela manh\u00e3 as 10:00 horas Al\u00e9cio Chaves(PSD), candidato a prefeito de Itapetinga compareceu a uma Plen\u00e1ria promovida pelo IF Baiano, campus Itapetinga.\u00a0Com muito cuidado e carinho explicou detalhadamente o seu plano de Governo, onde o mesmo consiste em transpar\u00eancia, participa\u00e7\u00e3o cidad\u00e3 e \u00e9tica, deixando bem claro que n\u00e3o vende ilus\u00f5es, que [&hellip;]<\/p>\n","protected":false},"author":2,"featured_media":0,"comment_status":"open","ping_status":"open","sticky":false,"template":"","format":"standard","meta":{"footnotes":"","_links_to":"","_links_to_target":""},"categories":[1],"tags":[],"class_list":["post-61137","post","type-post","status-publish","format-standard","hentry","category-geral"],"views":1793,"_links":{"self":[{"href":"https:\/\/www.sudoestehoje.com.br\/novoportal\/wp-json\/wp\/v2\/posts\/61137","targetHints":{"allow":["GET"]}}],"collection":[{"href":"https:\/\/www.sudoestehoje.com.br\/novoportal\/wp-json\/wp\/v2\/posts"}],"about":[{"href":"https:\/\/www.sudoestehoje.com.br\/novoportal\/wp-json\/wp\/v2\/types\/post"}],"author":[{"embeddable":true,"href":"https:\/\/www.sudoestehoje.com.br\/novoportal\/wp-json\/wp\/v2\/users\/2"}],"replies":[{"embeddable":true,"href":"https:\/\/www.sudoestehoje.com.br\/novoportal\/wp-json\/wp\/v2\/comments?post=61137"}],"version-history":[{"count":2,"href":"https:\/\/www.sudoestehoje.com.br\/novoportal\/wp-json\/wp\/v2\/posts\/61137\/revisions"}],"predecessor-version":[{"id":61146,"href":"https:\/\/www.sudoestehoje.com.br\/novoportal\/wp-json\/wp\/v2\/posts\/61137\/revisions\/61146"}],"wp:attachment":[{"href":"https:\/\/www.sudoestehoje.com.br\/novoportal\/wp-json\/wp\/v2\/media?parent=61137"}],"wp:term":[{"taxonomy":"category","embeddable":true,"href":"https:\/\/www.sudoestehoje.com.br\/novoportal\/wp-json\/wp\/v2\/categories?post=61137"},{"taxonomy":"post_tag","embeddable":true,"href":"https:\/\/www.sudoestehoje.com.br\/novoportal\/wp-json\/wp\/v2\/tags?post=61137"}],"curies":[{"name":"wp","href":"https:\/\/api.w.org\/{rel}","templated":true}]}}