
{"id":61132,"date":"2016-09-22T23:01:19","date_gmt":"2016-09-23T02:01:19","guid":{"rendered":"http:\/\/www.sudoestehoje.com.br\/novoportal\/?p=61132"},"modified":"2016-09-22T23:01:44","modified_gmt":"2016-09-23T02:01:44","slug":"eleicoes-sidinei-mendes-recebe-apoio-do-empresario-almir-santos","status":"publish","type":"post","link":"https:\/\/www.sudoestehoje.com.br\/novoportal\/2016\/09\/22\/eleicoes-sidinei-mendes-recebe-apoio-do-empresario-almir-santos\/","title":{"rendered":"ELEI\u00c7\u00d5ES: SIDINEI MENDES RECEBE APOIO  DO EMPRES\u00c1RIO ALMIR SANTOS"},"content":{"rendered":"<p><iframe loading=\"lazy\" title=\"Almir Santos Declara Apoio a Sidinei Mendes\" width=\"500\" height=\"281\" src=\"https:\/\/www.youtube.com\/embed\/vE21O8aNdHA?feature=oembed\" frameborder=\"0\" allow=\"accelerometer; autoplay; clipboard-write; encrypted-media; gyroscope; picture-in-picture; web-share\" referrerpolicy=\"strict-origin-when-cross-origin\" allowfullscreen><\/iframe><\/p>\n<p>O Candidato a vereador Sidinei Mendes (PT) conseguiu atrair para sua campanha um importante apoio politico. Trata-se do empres\u00e1rio catarinense Almir Santos, que \u00e9 propriet\u00e1rio das f\u00e1bricas de cal\u00e7ados SUZANA SANTOS E RENATA MELO.<\/p>\n<p>Essas f\u00e1bricas j\u00e1 atuam na regi\u00e3o, nos munic\u00edpios de Itarantim , Potiragu\u00e1 e Maiquinique. Gra\u00e7as ao trabalho de Sidinei, quando era secret\u00e1rio municipal de Desenvolvimento Econ\u00f4mico, atraiu essas f\u00e1bricas para nossa cidade, que v\u00e3o ocupar os galp\u00f5es deixados pela Azaleia, no distrito industrial e nas proximidades da lagoa.<\/p>\n<p>Segundo Almir Santos ser\u00e3o gerados cerca de 800 empregos nas duas f\u00e1bricas em Itapetinga. Sidinei disse que se sente muito feliz em ter um apoio t\u00e3o importante como esse. &#8220;Gerar empregos sempre foi minha luta e com essa parceria continuarei buscando a atra\u00e7\u00e3o de mais empresas para gerar mais oportunidade para o povo de nossa amada Itapetinga&#8221;, comemorou Sidinei. <strong><em>Ascom<\/em><\/strong><\/p>\n","protected":false},"excerpt":{"rendered":"<p>O Candidato a vereador Sidinei Mendes (PT) conseguiu atrair para sua campanha um importante apoio politico. Trata-se do empres\u00e1rio catarinense Almir Santos, que \u00e9 propriet\u00e1rio das f\u00e1bricas de cal\u00e7ados SUZANA SANTOS E RENATA MELO. Essas f\u00e1bricas j\u00e1 atuam na regi\u00e3o, nos munic\u00edpios de Itarantim , Potiragu\u00e1 e Maiquinique. Gra\u00e7as ao trabalho de Sidinei, quando era [&hellip;]<\/p>\n","protected":false},"author":2,"featured_media":0,"comment_status":"open","ping_status":"open","sticky":false,"template":"","format":"standard","meta":{"footnotes":"","_links_to":"","_links_to_target":""},"categories":[1],"tags":[],"class_list":["post-61132","post","type-post","status-publish","format-standard","hentry","category-geral"],"views":1532,"_links":{"self":[{"href":"https:\/\/www.sudoestehoje.com.br\/novoportal\/wp-json\/wp\/v2\/posts\/61132","targetHints":{"allow":["GET"]}}],"collection":[{"href":"https:\/\/www.sudoestehoje.com.br\/novoportal\/wp-json\/wp\/v2\/posts"}],"about":[{"href":"https:\/\/www.sudoestehoje.com.br\/novoportal\/wp-json\/wp\/v2\/types\/post"}],"author":[{"embeddable":true,"href":"https:\/\/www.sudoestehoje.com.br\/novoportal\/wp-json\/wp\/v2\/users\/2"}],"replies":[{"embeddable":true,"href":"https:\/\/www.sudoestehoje.com.br\/novoportal\/wp-json\/wp\/v2\/comments?post=61132"}],"version-history":[{"count":3,"href":"https:\/\/www.sudoestehoje.com.br\/novoportal\/wp-json\/wp\/v2\/posts\/61132\/revisions"}],"predecessor-version":[{"id":61136,"href":"https:\/\/www.sudoestehoje.com.br\/novoportal\/wp-json\/wp\/v2\/posts\/61132\/revisions\/61136"}],"wp:attachment":[{"href":"https:\/\/www.sudoestehoje.com.br\/novoportal\/wp-json\/wp\/v2\/media?parent=61132"}],"wp:term":[{"taxonomy":"category","embeddable":true,"href":"https:\/\/www.sudoestehoje.com.br\/novoportal\/wp-json\/wp\/v2\/categories?post=61132"},{"taxonomy":"post_tag","embeddable":true,"href":"https:\/\/www.sudoestehoje.com.br\/novoportal\/wp-json\/wp\/v2\/tags?post=61132"}],"curies":[{"name":"wp","href":"https:\/\/api.w.org\/{rel}","templated":true}]}}