
{"id":61128,"date":"2016-09-22T19:48:12","date_gmt":"2016-09-22T22:48:12","guid":{"rendered":"http:\/\/www.sudoestehoje.com.br\/novoportal\/?p=61128"},"modified":"2016-09-22T19:48:12","modified_gmt":"2016-09-22T22:48:12","slug":"direcao-da-vita-ambiental-promete-abrir-o-jogo-sobre-contrato-com-a-prefeitura","status":"publish","type":"post","link":"https:\/\/www.sudoestehoje.com.br\/novoportal\/2016\/09\/22\/direcao-da-vita-ambiental-promete-abrir-o-jogo-sobre-contrato-com-a-prefeitura\/","title":{"rendered":"DIRE\u00c7\u00c3O DA VITA AMBIENTAL PROMETE &#8220;ABRIR O JOGO&#8221; SOBRE CONTRATO COM A PREFEITURA"},"content":{"rendered":"<p><a href=\"http:\/\/www.sudoestehoje.com.br\/novoportal\/wp-content\/uploads\/2016\/09\/vita.jpg\" rel=\"attachment wp-att-61129\"><img loading=\"lazy\" decoding=\"async\" class=\"wp-image-61129 alignleft\" src=\"http:\/\/www.sudoestehoje.com.br\/novoportal\/wp-content\/uploads\/2016\/09\/vita.jpg\" alt=\"vita\" width=\"260\" height=\"260\" srcset=\"https:\/\/www.sudoestehoje.com.br\/novoportal\/wp-content\/uploads\/2016\/09\/vita.jpg 343w, https:\/\/www.sudoestehoje.com.br\/novoportal\/wp-content\/uploads\/2016\/09\/vita-150x150.jpg 150w\" sizes=\"auto, (max-width: 260px) 100vw, 260px\" \/><\/a><\/p>\n<p>Revoltado com decis\u00e3o unilateral e injusta do prefeito Z\u00e9 Carlos em rescindir o contrato presta\u00e7\u00e3o de servi\u00e7os de sua empresa de coleta de lixo urbano, a Eco Vita Ambiental, o empres\u00e1rio Marco Correia encaminhou nota \u00e0 imprensa local (r\u00e1dios e blogs), solicitando espa\u00e7o para esclarecer a conturbada rela\u00e7\u00e3o entre a sua empresa e a prefeitura, prometendo fazer revela\u00e7\u00f5es estarrecedoras envolvendo figuras conhecidas da administra\u00e7\u00e3o municipal.<\/p>\n<p>O contrato da prefeitura com a Vita Ambiental foi rescindido nesta quinta-feira, por ordem do prefeito Z\u00e9 Carlos, depois de uma justa manifesta\u00e7\u00e3o dos trabalhadores da empresa, que reivindicavam receber seus sal\u00e1rios, atrasados h\u00e1 meses. Cerca de 40 trabalhadores da coleta de lixo de Itapetinga ficar\u00e3o desempregados. Confira abaixo a nota da Vita Ambiental dirigida \u00e0 imprensa:<\/p>\n<p><em>&#8220;Em uma demonstra\u00e7\u00e3o de afronta e desrespeito a empresa ECO VITA AMBIENTAL bem como a seus empregados e familiares, o prefeito Jos\u00e9 Carlos Moura, em mais um ato inconsequente, insens\u00edvel e irrespons\u00e1vel, cancelou no dia de hoje o contrato firmado com a VITA AMBIENTAL, empresa respons\u00e1vel pela coleta de lixo urbano e hospitalar na cidade. <\/em><\/p>\n<p><em>A empresa vai buscar seus direitos na justi\u00e7a, objetivando receber os mais de 5 meses de pagamentos atrasados bem como cobrar\u00e1 as multas pelos constantes e recorrentes atrasos, que j\u00e1 totalizam mais de 1,5 milh\u00f5es de reais, todavia, concomitante a a\u00e7\u00e3o judicial que proporemos contra o munic\u00edpio, faz-se necess\u00e1rio informar a popula\u00e7\u00e3o os motivos que levaram o alcaide a tomar essa postura irracional e eleitoreira. <\/em><\/p>\n<p><em>Desta forma, solicito um espa\u00e7o neste blog (e r\u00e1dios) para que eu possa fazer alguns esclarecimentos \u00e0 popula\u00e7\u00e3o e em especial aos eleitores neste per\u00edodo pr\u00e9-eleitoral. Esclarecimentos estes que remontam o in\u00edcio da rela\u00e7\u00e3o firmada entre a empresa e o ent\u00e3o candidato a reelei\u00e7\u00e3o do munic\u00edpio at\u00e9 os dias atuais, quando a diretoria da empresa esteve, por algumas vezes, reunida com os Srs. Ricardo Dutra, Dr. Leonardo Carvalho (atual secret\u00e1rio de finan\u00e7as), Dr. Emmanoel Santos (secret\u00e1rio de sa\u00fade) e posteriormente, al\u00e9m dos j\u00e1 citados, com o candidato do Prefeito, Sr. Hid\u00e9rico Nogueira, conhecido pela alcunha de Tiquinho. <\/em><\/p>\n<p><em>Sendo assim, ficarei honrado caso voc\u00ea me conceda tal espa\u00e7o e aproveito para externar meu grande apre\u00e7o por sua atua\u00e7\u00e3o como comunicador e em especial pela cidade e sua t\u00e3o desamparada popula\u00e7\u00e3o. Marco Correia Diretor Superintendente do Grupo Vita.&#8221;<\/em><\/p>\n<p>Vem bomba a\u00ed!<\/p>\n<p><em><strong>Por Davi Ferraz<\/strong><\/em><\/p>\n","protected":false},"excerpt":{"rendered":"<p>Revoltado com decis\u00e3o unilateral e injusta do prefeito Z\u00e9 Carlos em rescindir o contrato presta\u00e7\u00e3o de servi\u00e7os de sua empresa de coleta de lixo urbano, a Eco Vita Ambiental, o empres\u00e1rio Marco Correia encaminhou nota \u00e0 imprensa local (r\u00e1dios e blogs), solicitando espa\u00e7o para esclarecer a conturbada rela\u00e7\u00e3o entre a sua empresa e a prefeitura, [&hellip;]<\/p>\n","protected":false},"author":2,"featured_media":0,"comment_status":"open","ping_status":"open","sticky":false,"template":"","format":"standard","meta":{"footnotes":"","_links_to":"","_links_to_target":""},"categories":[1],"tags":[],"class_list":["post-61128","post","type-post","status-publish","format-standard","hentry","category-geral"],"views":1609,"_links":{"self":[{"href":"https:\/\/www.sudoestehoje.com.br\/novoportal\/wp-json\/wp\/v2\/posts\/61128","targetHints":{"allow":["GET"]}}],"collection":[{"href":"https:\/\/www.sudoestehoje.com.br\/novoportal\/wp-json\/wp\/v2\/posts"}],"about":[{"href":"https:\/\/www.sudoestehoje.com.br\/novoportal\/wp-json\/wp\/v2\/types\/post"}],"author":[{"embeddable":true,"href":"https:\/\/www.sudoestehoje.com.br\/novoportal\/wp-json\/wp\/v2\/users\/2"}],"replies":[{"embeddable":true,"href":"https:\/\/www.sudoestehoje.com.br\/novoportal\/wp-json\/wp\/v2\/comments?post=61128"}],"version-history":[{"count":2,"href":"https:\/\/www.sudoestehoje.com.br\/novoportal\/wp-json\/wp\/v2\/posts\/61128\/revisions"}],"predecessor-version":[{"id":61131,"href":"https:\/\/www.sudoestehoje.com.br\/novoportal\/wp-json\/wp\/v2\/posts\/61128\/revisions\/61131"}],"wp:attachment":[{"href":"https:\/\/www.sudoestehoje.com.br\/novoportal\/wp-json\/wp\/v2\/media?parent=61128"}],"wp:term":[{"taxonomy":"category","embeddable":true,"href":"https:\/\/www.sudoestehoje.com.br\/novoportal\/wp-json\/wp\/v2\/categories?post=61128"},{"taxonomy":"post_tag","embeddable":true,"href":"https:\/\/www.sudoestehoje.com.br\/novoportal\/wp-json\/wp\/v2\/tags?post=61128"}],"curies":[{"name":"wp","href":"https:\/\/api.w.org\/{rel}","templated":true}]}}