
{"id":61111,"date":"2016-09-22T14:46:56","date_gmt":"2016-09-22T17:46:56","guid":{"rendered":"http:\/\/www.sudoestehoje.com.br\/novoportal\/?p=61111"},"modified":"2016-09-22T14:46:56","modified_gmt":"2016-09-22T17:46:56","slug":"itapetinga-empregados-da-coleta-de-lixo-protestam-por-conta-de-salarios-atrasados","status":"publish","type":"post","link":"https:\/\/www.sudoestehoje.com.br\/novoportal\/2016\/09\/22\/itapetinga-empregados-da-coleta-de-lixo-protestam-por-conta-de-salarios-atrasados\/","title":{"rendered":"ITAPETINGA: EMPREGADOS DA COLETA DE LIXO PROTESTAM POR CONTA DE SAL\u00c1RIOS ATRASADOS"},"content":{"rendered":"<p><a href=\"http:\/\/www.sudoestehoje.com.br\/novoportal\/wp-content\/uploads\/2016\/09\/vita-1.jpg\" rel=\"attachment wp-att-61112\"><img loading=\"lazy\" decoding=\"async\" class=\"aligncenter size-medium wp-image-61112\" src=\"http:\/\/www.sudoestehoje.com.br\/novoportal\/wp-content\/uploads\/2016\/09\/vita-1-500x300.jpg\" alt=\"vita-1\" width=\"500\" height=\"300\" srcset=\"https:\/\/www.sudoestehoje.com.br\/novoportal\/wp-content\/uploads\/2016\/09\/vita-1-500x300.jpg 500w, https:\/\/www.sudoestehoje.com.br\/novoportal\/wp-content\/uploads\/2016\/09\/vita-1-768x461.jpg 768w, https:\/\/www.sudoestehoje.com.br\/novoportal\/wp-content\/uploads\/2016\/09\/vita-1-700x420.jpg 700w, https:\/\/www.sudoestehoje.com.br\/novoportal\/wp-content\/uploads\/2016\/09\/vita-1.jpg 960w\" sizes=\"auto, (max-width: 500px) 100vw, 500px\" \/><\/a><\/p>\n<p>Na manh\u00e3 desta quinta-feira, um protesto dos empregados da Vita Ambiental, empresa terceirizada para coleta de lixo na cidade, chamou \u00e0 aten\u00e7\u00e3o de quem passava em frente \u00e0 prefeitura de Itapetinga.<\/p>\n<p>Com sal\u00e1rios atrasados, em virtude do calote aplicado pela prefeitura contra a empresa em que trabalham, os empregados da coleta de lixo paralisaram as suas atividade na noite de ontem, e foram \u00e0 luta para reivindicarem seus direitos, mais uma vez.<\/p>\n<p><a href=\"http:\/\/www.sudoestehoje.com.br\/novoportal\/wp-content\/uploads\/2016\/09\/vita-2.jpg\" rel=\"attachment wp-att-61113\"><img loading=\"lazy\" decoding=\"async\" class=\"aligncenter size-medium wp-image-61113\" src=\"http:\/\/www.sudoestehoje.com.br\/novoportal\/wp-content\/uploads\/2016\/09\/vita-2-500x300.jpg\" alt=\"vita-2\" width=\"500\" height=\"300\" srcset=\"https:\/\/www.sudoestehoje.com.br\/novoportal\/wp-content\/uploads\/2016\/09\/vita-2-500x300.jpg 500w, https:\/\/www.sudoestehoje.com.br\/novoportal\/wp-content\/uploads\/2016\/09\/vita-2-768x461.jpg 768w, https:\/\/www.sudoestehoje.com.br\/novoportal\/wp-content\/uploads\/2016\/09\/vita-2-700x420.jpg 700w, https:\/\/www.sudoestehoje.com.br\/novoportal\/wp-content\/uploads\/2016\/09\/vita-2.jpg 960w\" sizes=\"auto, (max-width: 500px) 100vw, 500px\" \/><\/a><\/p>\n<p>Portando cartazes e gritando palavras de ordem, os trabalhadores da Vita Ambiental culpam o prefeito e sua equipe econ\u00f4mica pelos constantes atrasos nos repasses, o que j\u00e1 acumula cerca de 5 meses, impossibilitando os seus patr\u00f5es de honrarem com as obriga\u00e7\u00f5es trabalhistas.<\/p>\n<p>O impasse entre a prefeitura e a Vita Ambiental n\u00e3o \u00e9 de hoje, apesar da empresa cumprir rigorosamente com as suas obriga\u00e7\u00f5es contratuais, o que n\u00e3o acontece por parte da prefeitura, que nunca paga \u00e0 empresa com a regularidade devida.<\/p>\n<p><a href=\"http:\/\/www.sudoestehoje.com.br\/novoportal\/wp-content\/uploads\/2016\/09\/vita-3.jpg\" rel=\"attachment wp-att-61115\"><img loading=\"lazy\" decoding=\"async\" class=\"aligncenter size-medium wp-image-61115\" src=\"http:\/\/www.sudoestehoje.com.br\/novoportal\/wp-content\/uploads\/2016\/09\/vita-3-500x281.jpg\" alt=\"vita-3\" width=\"500\" height=\"281\" srcset=\"https:\/\/www.sudoestehoje.com.br\/novoportal\/wp-content\/uploads\/2016\/09\/vita-3-500x281.jpg 500w, https:\/\/www.sudoestehoje.com.br\/novoportal\/wp-content\/uploads\/2016\/09\/vita-3-768x432.jpg 768w, https:\/\/www.sudoestehoje.com.br\/novoportal\/wp-content\/uploads\/2016\/09\/vita-3-700x394.jpg 700w, https:\/\/www.sudoestehoje.com.br\/novoportal\/wp-content\/uploads\/2016\/09\/vita-3.jpg 960w\" sizes=\"auto, (max-width: 500px) 100vw, 500px\" \/><\/a><\/p>\n<p>Sem ter nada a ver com insensatez do prefeito e sua fraca equipe de governo, quem sofre mesmo \u00e9 a popula\u00e7\u00e3o.<\/p>\n<p><strong><em>Por Davi Ferraz<\/em><\/strong><\/p>\n","protected":false},"excerpt":{"rendered":"<p>Na manh\u00e3 desta quinta-feira, um protesto dos empregados da Vita Ambiental, empresa terceirizada para coleta de lixo na cidade, chamou \u00e0 aten\u00e7\u00e3o de quem passava em frente \u00e0 prefeitura de Itapetinga. Com sal\u00e1rios atrasados, em virtude do calote aplicado pela prefeitura contra a empresa em que trabalham, os empregados da coleta de lixo paralisaram as [&hellip;]<\/p>\n","protected":false},"author":2,"featured_media":0,"comment_status":"open","ping_status":"open","sticky":false,"template":"","format":"standard","meta":{"footnotes":"","_links_to":"","_links_to_target":""},"categories":[1],"tags":[],"class_list":["post-61111","post","type-post","status-publish","format-standard","hentry","category-geral"],"views":1272,"_links":{"self":[{"href":"https:\/\/www.sudoestehoje.com.br\/novoportal\/wp-json\/wp\/v2\/posts\/61111","targetHints":{"allow":["GET"]}}],"collection":[{"href":"https:\/\/www.sudoestehoje.com.br\/novoportal\/wp-json\/wp\/v2\/posts"}],"about":[{"href":"https:\/\/www.sudoestehoje.com.br\/novoportal\/wp-json\/wp\/v2\/types\/post"}],"author":[{"embeddable":true,"href":"https:\/\/www.sudoestehoje.com.br\/novoportal\/wp-json\/wp\/v2\/users\/2"}],"replies":[{"embeddable":true,"href":"https:\/\/www.sudoestehoje.com.br\/novoportal\/wp-json\/wp\/v2\/comments?post=61111"}],"version-history":[{"count":2,"href":"https:\/\/www.sudoestehoje.com.br\/novoportal\/wp-json\/wp\/v2\/posts\/61111\/revisions"}],"predecessor-version":[{"id":61116,"href":"https:\/\/www.sudoestehoje.com.br\/novoportal\/wp-json\/wp\/v2\/posts\/61111\/revisions\/61116"}],"wp:attachment":[{"href":"https:\/\/www.sudoestehoje.com.br\/novoportal\/wp-json\/wp\/v2\/media?parent=61111"}],"wp:term":[{"taxonomy":"category","embeddable":true,"href":"https:\/\/www.sudoestehoje.com.br\/novoportal\/wp-json\/wp\/v2\/categories?post=61111"},{"taxonomy":"post_tag","embeddable":true,"href":"https:\/\/www.sudoestehoje.com.br\/novoportal\/wp-json\/wp\/v2\/tags?post=61111"}],"curies":[{"name":"wp","href":"https:\/\/api.w.org\/{rel}","templated":true}]}}