
{"id":6111,"date":"2011-06-26T11:56:29","date_gmt":"2011-06-26T14:56:29","guid":{"rendered":"http:\/\/www.sudoestehoje.com.br\/novoportal\/?p=6111"},"modified":"2011-06-26T11:56:29","modified_gmt":"2011-06-26T14:56:29","slug":"morre-o-ex-ministro-paulo-renato","status":"publish","type":"post","link":"https:\/\/www.sudoestehoje.com.br\/novoportal\/2011\/06\/26\/morre-o-ex-ministro-paulo-renato\/","title":{"rendered":"MORRE O EX-MINISTRO PAULO RENATO"},"content":{"rendered":"<p style=\"text-align: center;\"><img decoding=\"async\" class=\"aligncenter\" src=\"http:\/\/www.abmeseduca.com\/wp-content\/uploads\/2010\/01\/PauloRenato.jpg\" alt=\"\" \/><\/p>\n<p style=\"text-align: center;\"><em><strong>Paulo Renato foi ministro da educa\u00e7\u00e3o no governo FHC<\/strong><\/em><\/p>\n<p>\u00a0<\/p>\n<p>O ex-ministro Paulo Renato Souza morreu na madrugada deste domingo, aos 65 anos, na cidade de S\u00e3o Roque, no interior de S\u00e3o Paulo, ap\u00f3s sofrer um infarto fulminante no hotel onde estava hospedado.<\/p>\n<p>Paulo Renato atuou na pasta de Educa\u00e7\u00e3o durante o governo de Fernando Henrique Cardoso entre janeiro de 1995 e dezembro de 2002. Entre suas principais realiza\u00e7\u00f5es est\u00e1 a cria\u00e7\u00e3o do Enem (Exame Nacional de Ensino M\u00e9dio).<\/p>\n<p>Natural de Porto Alegre, o ex-ministro tinha 65 anos e j\u00e1 apresentava um hist\u00f3rico de problemas card\u00edacos. Seu corpo deve ser velado na Assembleia Legislativa com a presen\u00e7a de lideran\u00e7as do PSDB, como o ex-governador de S\u00e3o Paulo Jos\u00e9 Serra.<\/p>\n<p>Serra postou em seu endere\u00e7o no Twitter a seguinte mensagem em homenagem ao colega: &#8220;Foi-se Paulo Renato, meu querido amigo, um dos maiores homens p\u00fablicos do Brasil. Foi um grande secret\u00e1rio e um grande ministro da Educa\u00e7\u00e3o&#8221;.<\/p>\n<p>Um dos principais l\u00edderes tucanos, foi tamb\u00e9m um dos fundadores do partido. Seu \u00faltimo cargo p\u00fablico foi como Secret\u00e1rio da Educa\u00e7\u00e3o do Estado de S\u00e3o Paulo, que exerceu at\u00e9 dezembro de 2010.<\/p>\n<p>Formado em Economia pela Universidade Federal do Rio Grande do Sul, foi tamb\u00e9m reitor da Universidade Estadual de Campinas (Unicamp) nos anos 80.<\/p>\n<p>Entre outras fun\u00e7\u00f5es, integrou o quadro da ONU (Organiza\u00e7\u00e3o das Na\u00e7\u00f5es Unidas) em temas ligados a empregos e sal\u00e1rios, foi vice-presidente do Banco Interamericano de Desenvolvimento, em Washington e o presidente da Abmes (Associa\u00e7\u00e3o Brasileira das Mantenedoras do Ensino Superior). Folha<\/p>\n","protected":false},"excerpt":{"rendered":"<p>Paulo Renato foi ministro da educa\u00e7\u00e3o no governo FHC \u00a0 O ex-ministro Paulo Renato Souza morreu na madrugada deste domingo, aos 65 anos, na cidade de S\u00e3o Roque, no interior de S\u00e3o Paulo, ap\u00f3s sofrer um infarto fulminante no hotel onde estava hospedado. Paulo Renato atuou na pasta de Educa\u00e7\u00e3o durante o governo de Fernando [&hellip;]<\/p>\n","protected":false},"author":2,"featured_media":0,"comment_status":"open","ping_status":"open","sticky":false,"template":"","format":"standard","meta":{"footnotes":"","_links_to":"","_links_to_target":""},"categories":[1],"tags":[],"class_list":["post-6111","post","type-post","status-publish","format-standard","hentry","category-geral"],"views":1274,"_links":{"self":[{"href":"https:\/\/www.sudoestehoje.com.br\/novoportal\/wp-json\/wp\/v2\/posts\/6111","targetHints":{"allow":["GET"]}}],"collection":[{"href":"https:\/\/www.sudoestehoje.com.br\/novoportal\/wp-json\/wp\/v2\/posts"}],"about":[{"href":"https:\/\/www.sudoestehoje.com.br\/novoportal\/wp-json\/wp\/v2\/types\/post"}],"author":[{"embeddable":true,"href":"https:\/\/www.sudoestehoje.com.br\/novoportal\/wp-json\/wp\/v2\/users\/2"}],"replies":[{"embeddable":true,"href":"https:\/\/www.sudoestehoje.com.br\/novoportal\/wp-json\/wp\/v2\/comments?post=6111"}],"version-history":[{"count":2,"href":"https:\/\/www.sudoestehoje.com.br\/novoportal\/wp-json\/wp\/v2\/posts\/6111\/revisions"}],"predecessor-version":[{"id":6113,"href":"https:\/\/www.sudoestehoje.com.br\/novoportal\/wp-json\/wp\/v2\/posts\/6111\/revisions\/6113"}],"wp:attachment":[{"href":"https:\/\/www.sudoestehoje.com.br\/novoportal\/wp-json\/wp\/v2\/media?parent=6111"}],"wp:term":[{"taxonomy":"category","embeddable":true,"href":"https:\/\/www.sudoestehoje.com.br\/novoportal\/wp-json\/wp\/v2\/categories?post=6111"},{"taxonomy":"post_tag","embeddable":true,"href":"https:\/\/www.sudoestehoje.com.br\/novoportal\/wp-json\/wp\/v2\/tags?post=6111"}],"curies":[{"name":"wp","href":"https:\/\/api.w.org\/{rel}","templated":true}]}}