
{"id":61107,"date":"2016-09-22T08:20:48","date_gmt":"2016-09-22T11:20:48","guid":{"rendered":"http:\/\/www.sudoestehoje.com.br\/novoportal\/?p=61107"},"modified":"2016-09-22T08:20:48","modified_gmt":"2016-09-22T11:20:48","slug":"ex-ministro-de-dilma-e-lula-guido-mantega-e-preso-na-lava-jato","status":"publish","type":"post","link":"https:\/\/www.sudoestehoje.com.br\/novoportal\/2016\/09\/22\/ex-ministro-de-dilma-e-lula-guido-mantega-e-preso-na-lava-jato\/","title":{"rendered":"EX-MINISTRO DE DILMA E LULA, GUIDO MANTEGA, \u00c9 PRESO NA LAVA JATO"},"content":{"rendered":"<p><a href=\"http:\/\/www.sudoestehoje.com.br\/novoportal\/wp-content\/uploads\/2016\/09\/MANTEGA.jpeg\" rel=\"attachment wp-att-61108\"><img loading=\"lazy\" decoding=\"async\" class=\"aligncenter size-medium wp-image-61108\" src=\"http:\/\/www.sudoestehoje.com.br\/novoportal\/wp-content\/uploads\/2016\/09\/MANTEGA-500x333.jpeg\" alt=\"mantega\" width=\"500\" height=\"333\" srcset=\"https:\/\/www.sudoestehoje.com.br\/novoportal\/wp-content\/uploads\/2016\/09\/MANTEGA-500x333.jpeg 500w, https:\/\/www.sudoestehoje.com.br\/novoportal\/wp-content\/uploads\/2016\/09\/MANTEGA.jpeg 635w\" sizes=\"auto, (max-width: 500px) 100vw, 500px\" \/><\/a><\/p>\n<p>O ex-ministro da Fazenda Guido Mantega foi preso na manh\u00e3 desta quinta-feira (22) em S\u00e3o Paulo<a href=\"http:\/\/g1.globo.com\/pr\/parana\/noticia\/2016\/09\/policia-federal-cumpre-mandados-da-operacao-lava-jato.html\">na 34\u00aa fase da Opera\u00e7\u00e3o Lava Jato<\/a>. O mandado \u00e9 de pris\u00e3o tempor\u00e1ria.<\/p>\n<p>Jos\u00e9 Roberto Batochio, advogado de Guido Mantega, afirmou que policiais foram \u00e0 casa do ex-ministro, em Pinheiros, na Zona Oeste da capital paulista, para cumprir mandados de busca e apreens\u00e3o. Ele n\u00e3o soube dizer quais objetos foram apreendidos.<\/p>\n<p>Depois, policiais foram ao hospital Albert Einstein, no Morumbi, Zona Sul de S\u00e3o Paulo, onde Mantega estava com a mulher que que passou por uma cirurgia.<\/p>\n<p>&#8220;Ele est\u00e1 sendo retirado da sala de cirurgia por policiais nesse momento&#8221;, disse Batochio ao G1 \u00e0s 7h50.<\/p>\n<p>Policiais federais est\u00e3o nas ruas desde a madrugada desta quinta para cumprir mandados da to. As ordens judiciais est\u00e3o sendo cumpridas em S\u00e3o Paulo, Rio de Janeiro, Minas Gerais, Rio Grande do Sul, Bahia e no Distrito Federal. A a\u00e7\u00e3o foi batizada de Opera\u00e7\u00e3o Arquivo X.<\/p>\n<p>Foram expedidos 33 mandados de busca e apreens\u00e3o, oito de pris\u00e3o tempor\u00e1ria e oito de condu\u00e7\u00e3o coercitiva, que \u00e9 quando a pessoa \u00e9 levada para prestar depoimento.<\/p>\n<p><img decoding=\"async\" class=\"aligncenter\" src=\"http:\/\/www.sudoestehoje.com.br\/novoportal\/wp-content\/uploads\/2015\/07\/%C3%93TICA-ITAPUAN-BANNER1-500x179.jpg\" alt=\"\u00d3TICA-ITAPUAN-BANNER1\" \/><\/p>\n<p>&nbsp;<\/p>\n","protected":false},"excerpt":{"rendered":"<p>O ex-ministro da Fazenda Guido Mantega foi preso na manh\u00e3 desta quinta-feira (22) em S\u00e3o Paulona 34\u00aa fase da Opera\u00e7\u00e3o Lava Jato. O mandado \u00e9 de pris\u00e3o tempor\u00e1ria. Jos\u00e9 Roberto Batochio, advogado de Guido Mantega, afirmou que policiais foram \u00e0 casa do ex-ministro, em Pinheiros, na Zona Oeste da capital paulista, para cumprir mandados de [&hellip;]<\/p>\n","protected":false},"author":2,"featured_media":0,"comment_status":"open","ping_status":"open","sticky":false,"template":"","format":"standard","meta":{"footnotes":"","_links_to":"","_links_to_target":""},"categories":[1],"tags":[],"class_list":["post-61107","post","type-post","status-publish","format-standard","hentry","category-geral"],"views":1093,"_links":{"self":[{"href":"https:\/\/www.sudoestehoje.com.br\/novoportal\/wp-json\/wp\/v2\/posts\/61107","targetHints":{"allow":["GET"]}}],"collection":[{"href":"https:\/\/www.sudoestehoje.com.br\/novoportal\/wp-json\/wp\/v2\/posts"}],"about":[{"href":"https:\/\/www.sudoestehoje.com.br\/novoportal\/wp-json\/wp\/v2\/types\/post"}],"author":[{"embeddable":true,"href":"https:\/\/www.sudoestehoje.com.br\/novoportal\/wp-json\/wp\/v2\/users\/2"}],"replies":[{"embeddable":true,"href":"https:\/\/www.sudoestehoje.com.br\/novoportal\/wp-json\/wp\/v2\/comments?post=61107"}],"version-history":[{"count":2,"href":"https:\/\/www.sudoestehoje.com.br\/novoportal\/wp-json\/wp\/v2\/posts\/61107\/revisions"}],"predecessor-version":[{"id":61110,"href":"https:\/\/www.sudoestehoje.com.br\/novoportal\/wp-json\/wp\/v2\/posts\/61107\/revisions\/61110"}],"wp:attachment":[{"href":"https:\/\/www.sudoestehoje.com.br\/novoportal\/wp-json\/wp\/v2\/media?parent=61107"}],"wp:term":[{"taxonomy":"category","embeddable":true,"href":"https:\/\/www.sudoestehoje.com.br\/novoportal\/wp-json\/wp\/v2\/categories?post=61107"},{"taxonomy":"post_tag","embeddable":true,"href":"https:\/\/www.sudoestehoje.com.br\/novoportal\/wp-json\/wp\/v2\/tags?post=61107"}],"curies":[{"name":"wp","href":"https:\/\/api.w.org\/{rel}","templated":true}]}}