
{"id":61102,"date":"2016-09-21T22:37:13","date_gmt":"2016-09-22T01:37:13","guid":{"rendered":"http:\/\/www.sudoestehoje.com.br\/novoportal\/?p=61102"},"modified":"2016-09-21T22:37:13","modified_gmt":"2016-09-22T01:37:13","slug":"rui-costa-deve-atrasar-salarios-de-servidores-por-conta-de-rombo-a-terceirizados-e-novos-reda","status":"publish","type":"post","link":"https:\/\/www.sudoestehoje.com.br\/novoportal\/2016\/09\/21\/rui-costa-deve-atrasar-salarios-de-servidores-por-conta-de-rombo-a-terceirizados-e-novos-reda\/","title":{"rendered":"RUI COSTA DEVE ATRASAR SAL\u00c1RIOS DE SERVIDORES POR CONTA DE ROMBO A TERCEIRIZADOS E NOVOS REDA"},"content":{"rendered":"<p><a href=\"http:\/\/www.sudoestehoje.com.br\/novoportal\/wp-content\/uploads\/2016\/09\/governo-do-estado-da-bahia.jpg\" rel=\"attachment wp-att-61103\"><img loading=\"lazy\" decoding=\"async\" class=\"aligncenter size-medium wp-image-61103\" src=\"http:\/\/www.sudoestehoje.com.br\/novoportal\/wp-content\/uploads\/2016\/09\/governo-do-estado-da-bahia-500x273.jpg\" alt=\"governo-do-estado-da-bahia\" width=\"500\" height=\"273\" srcset=\"https:\/\/www.sudoestehoje.com.br\/novoportal\/wp-content\/uploads\/2016\/09\/governo-do-estado-da-bahia-500x273.jpg 500w, https:\/\/www.sudoestehoje.com.br\/novoportal\/wp-content\/uploads\/2016\/09\/governo-do-estado-da-bahia.jpg 550w\" sizes=\"auto, (max-width: 500px) 100vw, 500px\" \/><\/a><\/p>\n<p>Em contato via telefone, servidores lotados na Secretaria da Fazenda que optaram por n\u00e3o se identificar, confessaram \u00e0 #TVServidor que a <em>\u201crecente transfer\u00eancia de 7 mil trabalhadores terceirizados para a condi\u00e7\u00e3o de REDA\u201d<\/em> ir\u00e1 <em>\u201cinchar a m\u00e1quina do Estado provocando um buraco sem precedentes na hist\u00f3ria da Bahia. \u00c9 uma irresponsabilidade por parte do Governador. O mais l\u00f3gico \u00e9 sentar com as empresas, renegociar os contratos e d\u00edvidas e assim pagar os meses e meses de d\u00edvidas\u201d.<\/em><\/p>\n<p><em>\u201cAs contas do Estado ir\u00e3o fechar no vermelho prejudicando servidores e os mais de 100 mil trabalhadores do estado na ativa e desempregados. A qualquer momento o Estado declara fal\u00eancia\u201d,<\/em> finalizam.<\/p>\n","protected":false},"excerpt":{"rendered":"<p>Em contato via telefone, servidores lotados na Secretaria da Fazenda que optaram por n\u00e3o se identificar, confessaram \u00e0 #TVServidor que a \u201crecente transfer\u00eancia de 7 mil trabalhadores terceirizados para a condi\u00e7\u00e3o de REDA\u201d ir\u00e1 \u201cinchar a m\u00e1quina do Estado provocando um buraco sem precedentes na hist\u00f3ria da Bahia. \u00c9 uma irresponsabilidade por parte do Governador. [&hellip;]<\/p>\n","protected":false},"author":2,"featured_media":0,"comment_status":"open","ping_status":"open","sticky":false,"template":"","format":"standard","meta":{"footnotes":"","_links_to":"","_links_to_target":""},"categories":[1],"tags":[],"class_list":["post-61102","post","type-post","status-publish","format-standard","hentry","category-geral"],"views":1302,"_links":{"self":[{"href":"https:\/\/www.sudoestehoje.com.br\/novoportal\/wp-json\/wp\/v2\/posts\/61102","targetHints":{"allow":["GET"]}}],"collection":[{"href":"https:\/\/www.sudoestehoje.com.br\/novoportal\/wp-json\/wp\/v2\/posts"}],"about":[{"href":"https:\/\/www.sudoestehoje.com.br\/novoportal\/wp-json\/wp\/v2\/types\/post"}],"author":[{"embeddable":true,"href":"https:\/\/www.sudoestehoje.com.br\/novoportal\/wp-json\/wp\/v2\/users\/2"}],"replies":[{"embeddable":true,"href":"https:\/\/www.sudoestehoje.com.br\/novoportal\/wp-json\/wp\/v2\/comments?post=61102"}],"version-history":[{"count":1,"href":"https:\/\/www.sudoestehoje.com.br\/novoportal\/wp-json\/wp\/v2\/posts\/61102\/revisions"}],"predecessor-version":[{"id":61104,"href":"https:\/\/www.sudoestehoje.com.br\/novoportal\/wp-json\/wp\/v2\/posts\/61102\/revisions\/61104"}],"wp:attachment":[{"href":"https:\/\/www.sudoestehoje.com.br\/novoportal\/wp-json\/wp\/v2\/media?parent=61102"}],"wp:term":[{"taxonomy":"category","embeddable":true,"href":"https:\/\/www.sudoestehoje.com.br\/novoportal\/wp-json\/wp\/v2\/categories?post=61102"},{"taxonomy":"post_tag","embeddable":true,"href":"https:\/\/www.sudoestehoje.com.br\/novoportal\/wp-json\/wp\/v2\/tags?post=61102"}],"curies":[{"name":"wp","href":"https:\/\/api.w.org\/{rel}","templated":true}]}}