
{"id":61095,"date":"2016-09-21T17:50:25","date_gmt":"2016-09-21T20:50:25","guid":{"rendered":"http:\/\/www.sudoestehoje.com.br\/novoportal\/?p=61095"},"modified":"2016-09-21T17:50:25","modified_gmt":"2016-09-21T20:50:25","slug":"eleicoes-candidato-a-vereador-marcio-piu-lanca-manifesto-a-juventude","status":"publish","type":"post","link":"https:\/\/www.sudoestehoje.com.br\/novoportal\/2016\/09\/21\/eleicoes-candidato-a-vereador-marcio-piu-lanca-manifesto-a-juventude\/","title":{"rendered":"ELEI\u00c7\u00d5ES: CANDIDATO A VEREADOR M\u00c1RCIO PIU LAN\u00c7A MANIFESTO \u00c0 JUVENTUDE"},"content":{"rendered":"<p><a href=\"http:\/\/www.sudoestehoje.com.br\/novoportal\/wp-content\/uploads\/2016\/09\/PIU.jpg\" rel=\"attachment wp-att-61096\"><img loading=\"lazy\" decoding=\"async\" class=\"aligncenter size-full wp-image-61096\" src=\"http:\/\/www.sudoestehoje.com.br\/novoportal\/wp-content\/uploads\/2016\/09\/PIU.jpg\" alt=\"piu\" width=\"480\" height=\"360\" \/><\/a><\/p>\n<p>&#8220;Jovem itapetinguense! Acredito que voc\u00ea deve estar ciente dos \u00faltimos acontecimentos pol\u00edticos da nossa cidade, e diante disso estamos fazendo um chamamento \u00e0 responsabilidade de cada um de voc\u00eas para que assumam de fato o seu papel na condu\u00e7\u00e3o dos destinos pol\u00edticos de nossa \u201cTerra firme\u201d. N\u00e3o podemos mais aceitar que uma Juventude forte, din\u00e2mica e criativa fique relegada a planos secund\u00e1rios, tantas vezes ignorados nos programas e projetos administrativos no nosso Munic\u00edpio. E no dia 02 de outubro, voc\u00ea jovem, \u00e9 a alavanca essencial para o progresso dessa cidade e tanto a prefeitura, quanto a C\u00e2mara de Vereadores, necessitam de uma grande RENOVA\u00c7\u00c3O ansiada por toda a nossa comunidade. Ent\u00e3o, n\u00e3o tenha medo de dar nome a essa revolu\u00e7\u00e3o, dizendo SIM para M\u00c1RCIO PIU, dizendo SIM para esse homem que nos traz a esperan\u00e7a de um legislativo honesto e participativo. Juventude, n\u00e3o se abstenha! Dia 02 de outubro vote 20123 &#8211; M\u00c1RCIO PIU. Vamos rumo \u00e0 revolu\u00e7\u00e3o pol\u00edtica de nossa amada cidade.&#8221;<\/p>\n","protected":false},"excerpt":{"rendered":"<p>&#8220;Jovem itapetinguense! Acredito que voc\u00ea deve estar ciente dos \u00faltimos acontecimentos pol\u00edticos da nossa cidade, e diante disso estamos fazendo um chamamento \u00e0 responsabilidade de cada um de voc\u00eas para que assumam de fato o seu papel na condu\u00e7\u00e3o dos destinos pol\u00edticos de nossa \u201cTerra firme\u201d. N\u00e3o podemos mais aceitar que uma Juventude forte, din\u00e2mica [&hellip;]<\/p>\n","protected":false},"author":2,"featured_media":0,"comment_status":"open","ping_status":"open","sticky":false,"template":"","format":"standard","meta":{"footnotes":"","_links_to":"","_links_to_target":""},"categories":[1],"tags":[],"class_list":["post-61095","post","type-post","status-publish","format-standard","hentry","category-geral"],"views":1597,"_links":{"self":[{"href":"https:\/\/www.sudoestehoje.com.br\/novoportal\/wp-json\/wp\/v2\/posts\/61095","targetHints":{"allow":["GET"]}}],"collection":[{"href":"https:\/\/www.sudoestehoje.com.br\/novoportal\/wp-json\/wp\/v2\/posts"}],"about":[{"href":"https:\/\/www.sudoestehoje.com.br\/novoportal\/wp-json\/wp\/v2\/types\/post"}],"author":[{"embeddable":true,"href":"https:\/\/www.sudoestehoje.com.br\/novoportal\/wp-json\/wp\/v2\/users\/2"}],"replies":[{"embeddable":true,"href":"https:\/\/www.sudoestehoje.com.br\/novoportal\/wp-json\/wp\/v2\/comments?post=61095"}],"version-history":[{"count":1,"href":"https:\/\/www.sudoestehoje.com.br\/novoportal\/wp-json\/wp\/v2\/posts\/61095\/revisions"}],"predecessor-version":[{"id":61097,"href":"https:\/\/www.sudoestehoje.com.br\/novoportal\/wp-json\/wp\/v2\/posts\/61095\/revisions\/61097"}],"wp:attachment":[{"href":"https:\/\/www.sudoestehoje.com.br\/novoportal\/wp-json\/wp\/v2\/media?parent=61095"}],"wp:term":[{"taxonomy":"category","embeddable":true,"href":"https:\/\/www.sudoestehoje.com.br\/novoportal\/wp-json\/wp\/v2\/categories?post=61095"},{"taxonomy":"post_tag","embeddable":true,"href":"https:\/\/www.sudoestehoje.com.br\/novoportal\/wp-json\/wp\/v2\/tags?post=61095"}],"curies":[{"name":"wp","href":"https:\/\/api.w.org\/{rel}","templated":true}]}}