
{"id":61088,"date":"2016-09-21T13:12:18","date_gmt":"2016-09-21T16:12:18","guid":{"rendered":"http:\/\/www.sudoestehoje.com.br\/novoportal\/?p=61088"},"modified":"2016-09-21T13:12:18","modified_gmt":"2016-09-21T16:12:18","slug":"eleicoes-adriano-apresenta-plano-de-governo-em-evento-no-itc","status":"publish","type":"post","link":"https:\/\/www.sudoestehoje.com.br\/novoportal\/2016\/09\/21\/eleicoes-adriano-apresenta-plano-de-governo-em-evento-no-itc\/","title":{"rendered":"ELEI\u00c7\u00d5ES: ADRIANO APRESENTA PLANO DE GOVERNO EM EVENTO NO ITC"},"content":{"rendered":"<p><a href=\"http:\/\/www.sudoestehoje.com.br\/novoportal\/wp-content\/uploads\/2016\/09\/ad-1.jpg\" rel=\"attachment wp-att-61089\"><img loading=\"lazy\" decoding=\"async\" class=\"aligncenter size-medium wp-image-61089\" src=\"http:\/\/www.sudoestehoje.com.br\/novoportal\/wp-content\/uploads\/2016\/09\/ad-1-500x308.jpg\" alt=\"ad-1\" width=\"500\" height=\"308\" srcset=\"https:\/\/www.sudoestehoje.com.br\/novoportal\/wp-content\/uploads\/2016\/09\/ad-1-500x308.jpg 500w, https:\/\/www.sudoestehoje.com.br\/novoportal\/wp-content\/uploads\/2016\/09\/ad-1-768x473.jpg 768w, https:\/\/www.sudoestehoje.com.br\/novoportal\/wp-content\/uploads\/2016\/09\/ad-1-700x431.jpg 700w, https:\/\/www.sudoestehoje.com.br\/novoportal\/wp-content\/uploads\/2016\/09\/ad-1.jpg 960w\" sizes=\"auto, (max-width: 500px) 100vw, 500px\" \/><\/a><\/p>\n<p><strong><em>Ascom PSDB<\/em><\/strong><\/p>\n<p>Em uma campanha marcada por novidades, os candidatos Adriano Alc\u00e2ntara e Henrique Brugni continuam surpreendendo os eleitores. Foi apresentado nesta noite de ter\u00e7a-feira, 20 de setembro, o plano de governo dos candidatos em um evento que reuniu cidad\u00e3os, representantes de entidades e associa\u00e7\u00f5es da cidade.<\/p>\n<p><a href=\"http:\/\/www.sudoestehoje.com.br\/novoportal\/wp-content\/uploads\/2016\/09\/ad-2.jpg\" rel=\"attachment wp-att-61090\"><img loading=\"lazy\" decoding=\"async\" class=\"aligncenter size-medium wp-image-61090\" src=\"http:\/\/www.sudoestehoje.com.br\/novoportal\/wp-content\/uploads\/2016\/09\/ad-2-500x333.jpg\" alt=\"ad-2\" width=\"500\" height=\"333\" srcset=\"https:\/\/www.sudoestehoje.com.br\/novoportal\/wp-content\/uploads\/2016\/09\/ad-2-500x333.jpg 500w, https:\/\/www.sudoestehoje.com.br\/novoportal\/wp-content\/uploads\/2016\/09\/ad-2-768x511.jpg 768w, https:\/\/www.sudoestehoje.com.br\/novoportal\/wp-content\/uploads\/2016\/09\/ad-2-700x466.jpg 700w, https:\/\/www.sudoestehoje.com.br\/novoportal\/wp-content\/uploads\/2016\/09\/ad-2.jpg 960w\" sizes=\"auto, (max-width: 500px) 100vw, 500px\" \/><\/a><\/p>\n<p>Coragem e acima de tudo seguran\u00e7a foram precisos para que isto fosse feito, sem falar em conhecimento profundo n\u00e3o s\u00f3 sobre as a\u00e7\u00f5es apresentadas no programa, como das necessidades e anseios da popula\u00e7\u00e3o.<\/p>\n<p><a href=\"http:\/\/www.sudoestehoje.com.br\/novoportal\/wp-content\/uploads\/2016\/09\/ad-5.jpg\" rel=\"attachment wp-att-61091\"><img loading=\"lazy\" decoding=\"async\" class=\"aligncenter size-medium wp-image-61091\" src=\"http:\/\/www.sudoestehoje.com.br\/novoportal\/wp-content\/uploads\/2016\/09\/ad-5-500x360.jpg\" alt=\"ad-5\" width=\"500\" height=\"360\" srcset=\"https:\/\/www.sudoestehoje.com.br\/novoportal\/wp-content\/uploads\/2016\/09\/ad-5-500x360.jpg 500w, https:\/\/www.sudoestehoje.com.br\/novoportal\/wp-content\/uploads\/2016\/09\/ad-5-768x554.jpg 768w, https:\/\/www.sudoestehoje.com.br\/novoportal\/wp-content\/uploads\/2016\/09\/ad-5-700x505.jpg 700w, https:\/\/www.sudoestehoje.com.br\/novoportal\/wp-content\/uploads\/2016\/09\/ad-5.jpg 960w\" sizes=\"auto, (max-width: 500px) 100vw, 500px\" \/><\/a><\/p>\n<p>\u201cAs propostas apresentadas aqui foram elaboradas, a partir da colabora\u00e7\u00e3o dos diversos segmentos da comunidade e n\u00e3o est\u00e3o \u2018fechadas\u2019, podendo ser revistas e ampliadas de acordo com as necessidades do munic\u00edpio. Este \u00e9 um programa b\u00e1sico que aceita e incentiva a participa\u00e7\u00e3o dos cidad\u00e3os para quem as propostas foram elaboradas&#8221;, afirmou Adriano e ainda sobre o plano disse que \u201c aqui est\u00e3o registrados os desafios, os sonhos, e os desejos de superar as desigualdades e resgatar o orgulho municipal, para que possamos, sem retrocesso ou revanchismo, construir uma Itapetinga daqui pra frente.\u201d<\/p>\n<p><a href=\"http:\/\/www.sudoestehoje.com.br\/novoportal\/wp-content\/uploads\/2016\/09\/ad-3.jpg\" rel=\"attachment wp-att-61092\"><img loading=\"lazy\" decoding=\"async\" class=\"aligncenter size-medium wp-image-61092\" src=\"http:\/\/www.sudoestehoje.com.br\/novoportal\/wp-content\/uploads\/2016\/09\/ad-3-500x338.jpg\" alt=\"ad-3\" width=\"500\" height=\"338\" srcset=\"https:\/\/www.sudoestehoje.com.br\/novoportal\/wp-content\/uploads\/2016\/09\/ad-3-500x338.jpg 500w, https:\/\/www.sudoestehoje.com.br\/novoportal\/wp-content\/uploads\/2016\/09\/ad-3-768x518.jpg 768w, https:\/\/www.sudoestehoje.com.br\/novoportal\/wp-content\/uploads\/2016\/09\/ad-3-700x473.jpg 700w, https:\/\/www.sudoestehoje.com.br\/novoportal\/wp-content\/uploads\/2016\/09\/ad-3.jpg 960w\" sizes=\"auto, (max-width: 500px) 100vw, 500px\" \/><\/a><\/p>\n<p>\u00c9 pensando desta forma, daqui pra frente, que a campanha segue, vitoriosa e acima de tudo limpa, propositiva, ignorando as investidas agressivas e desleais que v\u00eam sofrendo e reafirmando, a cada vez, amor pela cidade e o respeito por todo e qualquer cidad\u00e3o.<\/p>\n<p><a href=\"http:\/\/www.sudoestehoje.com.br\/novoportal\/wp-content\/uploads\/2016\/09\/ad-4.jpg\" rel=\"attachment wp-att-61093\"><img loading=\"lazy\" decoding=\"async\" class=\"aligncenter size-medium wp-image-61093\" src=\"http:\/\/www.sudoestehoje.com.br\/novoportal\/wp-content\/uploads\/2016\/09\/ad-4-500x293.jpg\" alt=\"ad-4\" width=\"500\" height=\"293\" srcset=\"https:\/\/www.sudoestehoje.com.br\/novoportal\/wp-content\/uploads\/2016\/09\/ad-4-500x293.jpg 500w, https:\/\/www.sudoestehoje.com.br\/novoportal\/wp-content\/uploads\/2016\/09\/ad-4-768x450.jpg 768w, https:\/\/www.sudoestehoje.com.br\/novoportal\/wp-content\/uploads\/2016\/09\/ad-4-700x410.jpg 700w, https:\/\/www.sudoestehoje.com.br\/novoportal\/wp-content\/uploads\/2016\/09\/ad-4.jpg 960w\" sizes=\"auto, (max-width: 500px) 100vw, 500px\" \/><\/a><\/p>\n","protected":false},"excerpt":{"rendered":"<p>Ascom PSDB Em uma campanha marcada por novidades, os candidatos Adriano Alc\u00e2ntara e Henrique Brugni continuam surpreendendo os eleitores. Foi apresentado nesta noite de ter\u00e7a-feira, 20 de setembro, o plano de governo dos candidatos em um evento que reuniu cidad\u00e3os, representantes de entidades e associa\u00e7\u00f5es da cidade. Coragem e acima de tudo seguran\u00e7a foram precisos [&hellip;]<\/p>\n","protected":false},"author":2,"featured_media":0,"comment_status":"open","ping_status":"open","sticky":false,"template":"","format":"standard","meta":{"footnotes":"","_links_to":"","_links_to_target":""},"categories":[1],"tags":[],"class_list":["post-61088","post","type-post","status-publish","format-standard","hentry","category-geral"],"views":1581,"_links":{"self":[{"href":"https:\/\/www.sudoestehoje.com.br\/novoportal\/wp-json\/wp\/v2\/posts\/61088","targetHints":{"allow":["GET"]}}],"collection":[{"href":"https:\/\/www.sudoestehoje.com.br\/novoportal\/wp-json\/wp\/v2\/posts"}],"about":[{"href":"https:\/\/www.sudoestehoje.com.br\/novoportal\/wp-json\/wp\/v2\/types\/post"}],"author":[{"embeddable":true,"href":"https:\/\/www.sudoestehoje.com.br\/novoportal\/wp-json\/wp\/v2\/users\/2"}],"replies":[{"embeddable":true,"href":"https:\/\/www.sudoestehoje.com.br\/novoportal\/wp-json\/wp\/v2\/comments?post=61088"}],"version-history":[{"count":1,"href":"https:\/\/www.sudoestehoje.com.br\/novoportal\/wp-json\/wp\/v2\/posts\/61088\/revisions"}],"predecessor-version":[{"id":61094,"href":"https:\/\/www.sudoestehoje.com.br\/novoportal\/wp-json\/wp\/v2\/posts\/61088\/revisions\/61094"}],"wp:attachment":[{"href":"https:\/\/www.sudoestehoje.com.br\/novoportal\/wp-json\/wp\/v2\/media?parent=61088"}],"wp:term":[{"taxonomy":"category","embeddable":true,"href":"https:\/\/www.sudoestehoje.com.br\/novoportal\/wp-json\/wp\/v2\/categories?post=61088"},{"taxonomy":"post_tag","embeddable":true,"href":"https:\/\/www.sudoestehoje.com.br\/novoportal\/wp-json\/wp\/v2\/tags?post=61088"}],"curies":[{"name":"wp","href":"https:\/\/api.w.org\/{rel}","templated":true}]}}