
{"id":61082,"date":"2016-09-20T19:12:46","date_gmt":"2016-09-20T22:12:46","guid":{"rendered":"http:\/\/www.sudoestehoje.com.br\/novoportal\/?p=61082"},"modified":"2016-09-20T19:12:46","modified_gmt":"2016-09-20T22:12:46","slug":"itapetinga-sibele-nery-toma-posse-como-nova-coordenadora-da-19a-ciretran","status":"publish","type":"post","link":"https:\/\/www.sudoestehoje.com.br\/novoportal\/2016\/09\/20\/itapetinga-sibele-nery-toma-posse-como-nova-coordenadora-da-19a-ciretran\/","title":{"rendered":"ITAPETINGA: SIBELE NERY TOMA POSSE COMO NOVA COORDENADORA DA 19\u00aa CIRETRAN"},"content":{"rendered":"<p><strong><em>Reda\u00e7\u00e3o<\/em><\/strong><\/p>\n<p><a href=\"http:\/\/www.sudoestehoje.com.br\/novoportal\/wp-content\/uploads\/2016\/09\/SIBELE-1.jpg\" rel=\"attachment wp-att-61083\"><img loading=\"lazy\" decoding=\"async\" class=\"aligncenter size-medium wp-image-61083\" src=\"http:\/\/www.sudoestehoje.com.br\/novoportal\/wp-content\/uploads\/2016\/09\/SIBELE-1-500x281.jpg\" alt=\"sibele-1\" width=\"500\" height=\"281\" srcset=\"https:\/\/www.sudoestehoje.com.br\/novoportal\/wp-content\/uploads\/2016\/09\/SIBELE-1-500x281.jpg 500w, https:\/\/www.sudoestehoje.com.br\/novoportal\/wp-content\/uploads\/2016\/09\/SIBELE-1-768x432.jpg 768w, https:\/\/www.sudoestehoje.com.br\/novoportal\/wp-content\/uploads\/2016\/09\/SIBELE-1-700x394.jpg 700w, https:\/\/www.sudoestehoje.com.br\/novoportal\/wp-content\/uploads\/2016\/09\/SIBELE-1.jpg 960w\" sizes=\"auto, (max-width: 500px) 100vw, 500px\" \/><\/a><\/p>\n<p>Nesta segunda-feira (19) a petista Sibele Nery tomou posse como nova coordenadora da 19\u00aa Ciretran de Itapetinga, cuja nomea\u00e7\u00e3o j\u00e1 havia sido antecipada pelo Sudoeste Hoje. Sibele j\u00e1 tinha sido nomeada h\u00e1 algum tempo e vinha participando de um processo de treinamento no Detran, em Salvador.<\/p>\n<p>Ap\u00f3s assumir o novo cargo, Sibele reuniu os funcion\u00e1rios do \u00f3rg\u00e3o e alguns convidados para um pequeno ato que marcou sua chegada ao \u00f3rg\u00e3o. Ela se dirigiu a todos, falando da import\u00e2ncia do \u00f3rg\u00e3o e da necessidade de prestar um servi\u00e7o de excel\u00eancia para a comunidade regional.<\/p>\n<p><a href=\"http:\/\/www.sudoestehoje.com.br\/novoportal\/wp-content\/uploads\/2016\/09\/SIBELE-3.jpg\" rel=\"attachment wp-att-61084\"><img loading=\"lazy\" decoding=\"async\" class=\"aligncenter size-medium wp-image-61084\" src=\"http:\/\/www.sudoestehoje.com.br\/novoportal\/wp-content\/uploads\/2016\/09\/SIBELE-3-500x281.jpg\" alt=\"sibele-3\" width=\"500\" height=\"281\" srcset=\"https:\/\/www.sudoestehoje.com.br\/novoportal\/wp-content\/uploads\/2016\/09\/SIBELE-3-500x281.jpg 500w, https:\/\/www.sudoestehoje.com.br\/novoportal\/wp-content\/uploads\/2016\/09\/SIBELE-3-768x432.jpg 768w, https:\/\/www.sudoestehoje.com.br\/novoportal\/wp-content\/uploads\/2016\/09\/SIBELE-3-700x394.jpg 700w, https:\/\/www.sudoestehoje.com.br\/novoportal\/wp-content\/uploads\/2016\/09\/SIBELE-3.jpg 960w\" sizes=\"auto, (max-width: 500px) 100vw, 500px\" \/><\/a><\/p>\n<p>A professora Sibele, que chega ao \u00f3rg\u00e3o por uma indica\u00e7\u00e3o do deputado estadual Rosemberg Pinto (PT), \u00e9 figura carimbada do PT local e a sua nomea\u00e7\u00e3o refor\u00e7a a presen\u00e7a do partido no controle dos cargos estaduais na cidade, depois do rompimento com o prefeito Z\u00e9 Carlos.<\/p>\n<p>O Partido dos Trabalhadores pretendia lan\u00e7\u00e1-la como candidata a prefeita nestas elei\u00e7\u00f5es, mas a sua candidatura foi inviabilizada, e o PT preferiu adiar esse plano para o futuro, segundo o Diret\u00f3rio Municipal da legenda.<\/p>\n<p><a href=\"http:\/\/www.sudoestehoje.com.br\/novoportal\/wp-content\/uploads\/2016\/09\/SIBELE-2.jpg\" rel=\"attachment wp-att-61085\"><img loading=\"lazy\" decoding=\"async\" class=\"aligncenter size-medium wp-image-61085\" src=\"http:\/\/www.sudoestehoje.com.br\/novoportal\/wp-content\/uploads\/2016\/09\/SIBELE-2-500x281.jpg\" alt=\"sibele-2\" width=\"500\" height=\"281\" srcset=\"https:\/\/www.sudoestehoje.com.br\/novoportal\/wp-content\/uploads\/2016\/09\/SIBELE-2-500x281.jpg 500w, https:\/\/www.sudoestehoje.com.br\/novoportal\/wp-content\/uploads\/2016\/09\/SIBELE-2-768x432.jpg 768w, https:\/\/www.sudoestehoje.com.br\/novoportal\/wp-content\/uploads\/2016\/09\/SIBELE-2-700x394.jpg 700w, https:\/\/www.sudoestehoje.com.br\/novoportal\/wp-content\/uploads\/2016\/09\/SIBELE-2.jpg 960w\" sizes=\"auto, (max-width: 500px) 100vw, 500px\" \/><\/a><\/p>\n<p>Sibele j\u00e1 dirigiu o NRE-8 (antiga Direc 14) e foi secret\u00e1ria municipal de educa\u00e7\u00e3o no governo atual, tendo se desligado da prefeitura, em abril deste ano.<\/p>\n","protected":false},"excerpt":{"rendered":"<p>Reda\u00e7\u00e3o Nesta segunda-feira (19) a petista Sibele Nery tomou posse como nova coordenadora da 19\u00aa Ciretran de Itapetinga, cuja nomea\u00e7\u00e3o j\u00e1 havia sido antecipada pelo Sudoeste Hoje. Sibele j\u00e1 tinha sido nomeada h\u00e1 algum tempo e vinha participando de um processo de treinamento no Detran, em Salvador. Ap\u00f3s assumir o novo cargo, Sibele reuniu os [&hellip;]<\/p>\n","protected":false},"author":2,"featured_media":0,"comment_status":"open","ping_status":"open","sticky":false,"template":"","format":"standard","meta":{"footnotes":"","_links_to":"","_links_to_target":""},"categories":[1],"tags":[],"class_list":["post-61082","post","type-post","status-publish","format-standard","hentry","category-geral"],"views":1771,"_links":{"self":[{"href":"https:\/\/www.sudoestehoje.com.br\/novoportal\/wp-json\/wp\/v2\/posts\/61082","targetHints":{"allow":["GET"]}}],"collection":[{"href":"https:\/\/www.sudoestehoje.com.br\/novoportal\/wp-json\/wp\/v2\/posts"}],"about":[{"href":"https:\/\/www.sudoestehoje.com.br\/novoportal\/wp-json\/wp\/v2\/types\/post"}],"author":[{"embeddable":true,"href":"https:\/\/www.sudoestehoje.com.br\/novoportal\/wp-json\/wp\/v2\/users\/2"}],"replies":[{"embeddable":true,"href":"https:\/\/www.sudoestehoje.com.br\/novoportal\/wp-json\/wp\/v2\/comments?post=61082"}],"version-history":[{"count":2,"href":"https:\/\/www.sudoestehoje.com.br\/novoportal\/wp-json\/wp\/v2\/posts\/61082\/revisions"}],"predecessor-version":[{"id":61087,"href":"https:\/\/www.sudoestehoje.com.br\/novoportal\/wp-json\/wp\/v2\/posts\/61082\/revisions\/61087"}],"wp:attachment":[{"href":"https:\/\/www.sudoestehoje.com.br\/novoportal\/wp-json\/wp\/v2\/media?parent=61082"}],"wp:term":[{"taxonomy":"category","embeddable":true,"href":"https:\/\/www.sudoestehoje.com.br\/novoportal\/wp-json\/wp\/v2\/categories?post=61082"},{"taxonomy":"post_tag","embeddable":true,"href":"https:\/\/www.sudoestehoje.com.br\/novoportal\/wp-json\/wp\/v2\/tags?post=61082"}],"curies":[{"name":"wp","href":"https:\/\/api.w.org\/{rel}","templated":true}]}}