
{"id":6107,"date":"2011-06-25T12:01:10","date_gmt":"2011-06-25T15:01:10","guid":{"rendered":"http:\/\/www.sudoestehoje.com.br\/novoportal\/?p=6107"},"modified":"2011-06-25T12:01:10","modified_gmt":"2011-06-25T15:01:10","slug":"asa-comprou-o-vaca-loca","status":"publish","type":"post","link":"https:\/\/www.sudoestehoje.com.br\/novoportal\/2011\/06\/25\/asa-comprou-o-vaca-loca\/","title":{"rendered":"ASA COMPROU O VACA L\u00d4CA?"},"content":{"rendered":"<p style=\"text-align: center;\"><a id=\"apf9\" href=\"http:\/\/www.google.com.br\/imgres?imgurl=http:\/\/img.photobucket.com\/albums\/v445\/iftk2\/07\/63.jpg&amp;imgrefurl=http:\/\/noalvodown.blogspot.com\/2010\/03\/asa-de-aguia-cd-promocional-2010.html&amp;usg=__YNcfVeSkXvrYraGdKOtExc9kiCc=&amp;h=320&amp;w=320&amp;sz=6&amp;hl=pt-BR&amp;start=10&amp;zoom=1&amp;um=1&amp;itbs=1&amp;tbnid=S5o9F1sprimCjM:&amp;tbnh=118&amp;tbnw=118&amp;prev=\/search%3Fq%3Dasa%2Bde%2Baguia%26um%3D1%26hl%3Dpt-BR%26sa%3DN%26rlz%3D1T4SKPB_pt-BRBR354BR359%26tbm%3Disch&amp;ei=D_gFTr6SEdL0gAfU5pDsDQ\"><img loading=\"lazy\" decoding=\"async\" id=\"ipfS5o9F1sprimCjM:\" class=\"aligncenter\" src=\"http:\/\/t1.gstatic.com\/images?q=tbn:ANd9GcRHSYFjMVv3s0IhsfVWZ-Vai4ey6-ZuakDStmq0i1K_89pW3srclpXcLN4\" alt=\"\" width=\"118\" height=\"118\" \/><\/a><\/p>\n<p>O papo que rolou ontem na festa de camisatas do Vaca L\u00f4ca foi de que o grupo Asa de \u00c1guia teria comprado parte dos direitos de produ\u00e7\u00e3o da festa, ficando como seu s\u00f3cio majorit\u00e1rio. Segundo fontes ligadas aos produtores do evento, nada foi confirmado, nem negado, o que pode ter algum fundo de verdade neste boato. Assim como aconteceu nas micaretas, grupos ligados a diversos artistas, como Asa, Chiclete e\u00a0Ivete Sangalo, se associaram aos produtores locais de festas e blocos, o que resultou na fal\u00eancia e extin\u00e7\u00e3o de diversos eventos, com ocorreu com a famosa micareta de Vit\u00f3ria da Conquista. Agora, chegou a vez das festas de S\u00e3o Jo\u00e3o, que correm o mesmo risco. Quem viver, ver\u00e1&#8230;<\/p>\n","protected":false},"excerpt":{"rendered":"<p>O papo que rolou ontem na festa de camisatas do Vaca L\u00f4ca foi de que o grupo Asa de \u00c1guia teria comprado parte dos direitos de produ\u00e7\u00e3o da festa, ficando como seu s\u00f3cio majorit\u00e1rio. Segundo fontes ligadas aos produtores do evento, nada foi confirmado, nem negado, o que pode ter algum fundo de verdade neste [&hellip;]<\/p>\n","protected":false},"author":2,"featured_media":0,"comment_status":"open","ping_status":"open","sticky":false,"template":"","format":"standard","meta":{"footnotes":"","_links_to":"","_links_to_target":""},"categories":[11],"tags":[],"class_list":["post-6107","post","type-post","status-publish","format-standard","hentry","category-quentinhas"],"views":1095,"_links":{"self":[{"href":"https:\/\/www.sudoestehoje.com.br\/novoportal\/wp-json\/wp\/v2\/posts\/6107","targetHints":{"allow":["GET"]}}],"collection":[{"href":"https:\/\/www.sudoestehoje.com.br\/novoportal\/wp-json\/wp\/v2\/posts"}],"about":[{"href":"https:\/\/www.sudoestehoje.com.br\/novoportal\/wp-json\/wp\/v2\/types\/post"}],"author":[{"embeddable":true,"href":"https:\/\/www.sudoestehoje.com.br\/novoportal\/wp-json\/wp\/v2\/users\/2"}],"replies":[{"embeddable":true,"href":"https:\/\/www.sudoestehoje.com.br\/novoportal\/wp-json\/wp\/v2\/comments?post=6107"}],"version-history":[{"count":2,"href":"https:\/\/www.sudoestehoje.com.br\/novoportal\/wp-json\/wp\/v2\/posts\/6107\/revisions"}],"predecessor-version":[{"id":6109,"href":"https:\/\/www.sudoestehoje.com.br\/novoportal\/wp-json\/wp\/v2\/posts\/6107\/revisions\/6109"}],"wp:attachment":[{"href":"https:\/\/www.sudoestehoje.com.br\/novoportal\/wp-json\/wp\/v2\/media?parent=6107"}],"wp:term":[{"taxonomy":"category","embeddable":true,"href":"https:\/\/www.sudoestehoje.com.br\/novoportal\/wp-json\/wp\/v2\/categories?post=6107"},{"taxonomy":"post_tag","embeddable":true,"href":"https:\/\/www.sudoestehoje.com.br\/novoportal\/wp-json\/wp\/v2\/tags?post=6107"}],"curies":[{"name":"wp","href":"https:\/\/api.w.org\/{rel}","templated":true}]}}