
{"id":60972,"date":"2016-09-17T14:17:04","date_gmt":"2016-09-17T17:17:04","guid":{"rendered":"http:\/\/www.sudoestehoje.com.br\/novoportal\/?p=60972"},"modified":"2016-09-17T14:17:30","modified_gmt":"2016-09-17T17:17:30","slug":"direcao-de-velho-chico-toma-decisao-sobre-final-da-novela","status":"publish","type":"post","link":"https:\/\/www.sudoestehoje.com.br\/novoportal\/2016\/09\/17\/direcao-de-velho-chico-toma-decisao-sobre-final-da-novela\/","title":{"rendered":"DIRE\u00c7\u00c3O DE &#8220;VELHO CHICO&#8221; TOMA DECIS\u00c3O SOBRE FINAL DA NOVELA"},"content":{"rendered":"<div>\n<p class=\"bodytext\" style=\"line-height: 15.75pt; background: white; margin: 0cm 0cm 12.75pt 0cm;\"><a href=\"http:\/\/www.sudoestehoje.com.br\/novoportal\/wp-content\/uploads\/2016\/09\/santo.jpg\" rel=\"attachment wp-att-60973\"><img loading=\"lazy\" decoding=\"async\" class=\"aligncenter size-medium wp-image-60973\" src=\"http:\/\/www.sudoestehoje.com.br\/novoportal\/wp-content\/uploads\/2016\/09\/santo-500x347.jpg\" alt=\"santo\" width=\"500\" height=\"347\" srcset=\"https:\/\/www.sudoestehoje.com.br\/novoportal\/wp-content\/uploads\/2016\/09\/santo-500x347.jpg 500w, https:\/\/www.sudoestehoje.com.br\/novoportal\/wp-content\/uploads\/2016\/09\/santo.jpg 560w\" sizes=\"auto, (max-width: 500px) 100vw, 500px\" \/><\/a><\/p>\n<p class=\"bodytext\" style=\"line-height: 15.75pt; background: white; margin: 0cm 0cm 12.75pt 0cm;\"><span style=\"font-family: 'Arial','sans-serif'; color: black;\">Com a morte de Domingos Montagner, que se afogou durante um mergulho no Canind\u00e9 de S\u00e3o Francisco na quinta-feira (15), muito se especulou sobre o desfecho do personagem do ator, Santo, protagonista de &#8216;Velho Chico&#8217;. De acordo com informa\u00e7\u00f5es do &#8216;Uol&#8217;, diferente de outras tramas, a dire\u00e7\u00e3o da Globo decidiu na noite desta sexta-feira (16) que o papel n\u00e3o vai morrer, n\u00e3o vai viajar e nem ser\u00e1 substitu\u00eddo.<\/span><\/p>\n<p class=\"bodytext\" style=\"line-height: 15.75pt; background: white; margin: 0cm 0cm 12.75pt 0cm;\"><span style=\"font-family: 'Arial','sans-serif'; color: black;\">As cenas gravadas por Domingos, entre elas a do casamento com Tereza, interpretava por Camila Pitanga, v\u00e3o ser mantidas. Segundo a publica\u00e7\u00e3o, a dire\u00e7\u00e3o da emissora ainda n\u00e3o sabe como vai resolver essa quest\u00e3o, mas o autor Benedito Ruy Barbosa e o diretor Luiz Fernando Carvalho, junto com a c\u00fapula da Globo, decidiram que a hist\u00f3ria do personagem vai ser contada at\u00e9 o fim.<\/span><\/p>\n<p class=\"bodytext\" style=\"line-height: 15.75pt; background: white; margin: 0cm 0cm 12.75pt 0cm;\"><span style=\"font-family: 'Arial','sans-serif'; color: black;\">Ainda de acordo com o &#8216;Uol&#8217;, a decis\u00e3o foi tomada justamente por faltar apenas tr\u00eas cenas com Santo e o desfecho sem a morte dele seria uma esp\u00e9cie de homenagem para Domingos. Alguns atores, inclusive, deixaram a cidade de Piranhas, em Alagoas, onde v\u00e3o gravar as cenas finais da novela, para participar do vel\u00f3rio de Domingos, que acontece neste s\u00e1bado (17), em S\u00e3o Paulo.\u00a0<\/span><\/p>\n<p class=\"bodytext\" style=\"line-height: 15.75pt; background: white; margin: 0cm 0cm 12.75pt 0cm;\"><span style=\"font-family: 'Arial','sans-serif'; color: black;\">As sequ\u00eancias com Marcos Palmeira, Marcelo Serrado, Lucy Alves, Gabriel Leone e Giulia Buscaccio v\u00e3o ser mantidas pelo diretor Luiz Fernando Carvalho ainda no s\u00e1bado e eles v\u00e3o se\u00a0dividir entre Entremontes, Piranhas e Olho d&#8217;\u00c1gua para gravar os fins de seus personagens. Apenas Camila Pitanga, que presenciou a trag\u00e9dia, foi liberada para voltar ao Rio de Janeiro ap\u00f3s o enterro de Domingos. Ela vai aguardar a decis\u00e3o do desfecho da sua personagem na\u00a0novela em casa. Os demais atores e a equipe\u00a0s\u00f3 retornam na segunda (19).<\/span><\/p>\n<p class=\"bodytext\" style=\"line-height: 15.75pt; background: white; margin: 0cm 0cm 12.75pt 0cm;\"><span style=\"font-family: 'Arial','sans-serif'; color: black;\">&#8220;Al\u00e9m do fato de ter perdido o talento de um ator generoso, uma bela figura humana, eu perco um personagem important\u00edssimo da minha novela. Na qualidade de supervisor, tenho que entrar nisso e decidir como termino a novela sem ele. \u00c9 muito dif\u00edcil ter que trocar um ator como ele por qualquer outro, n\u00e3o deve ser a solu\u00e7\u00e3o. Ao mesmo tempo, tenho que fazer justi\u00e7a a ele e ao trabalho maravilhoso que ele vinha fazendo&#8221;, disse Benedito Ruy Barbosa ao &#8216;Uol&#8217;.<\/span><\/p>\n<\/div>\n","protected":false},"excerpt":{"rendered":"<p>Com a morte de Domingos Montagner, que se afogou durante um mergulho no Canind\u00e9 de S\u00e3o Francisco na quinta-feira (15), muito se especulou sobre o desfecho do personagem do ator, Santo, protagonista de &#8216;Velho Chico&#8217;. De acordo com informa\u00e7\u00f5es do &#8216;Uol&#8217;, diferente de outras tramas, a dire\u00e7\u00e3o da Globo decidiu na noite desta sexta-feira (16) [&hellip;]<\/p>\n","protected":false},"author":2,"featured_media":0,"comment_status":"open","ping_status":"open","sticky":false,"template":"","format":"standard","meta":{"footnotes":"","_links_to":"","_links_to_target":""},"categories":[1],"tags":[],"class_list":["post-60972","post","type-post","status-publish","format-standard","hentry","category-geral"],"views":2210,"_links":{"self":[{"href":"https:\/\/www.sudoestehoje.com.br\/novoportal\/wp-json\/wp\/v2\/posts\/60972","targetHints":{"allow":["GET"]}}],"collection":[{"href":"https:\/\/www.sudoestehoje.com.br\/novoportal\/wp-json\/wp\/v2\/posts"}],"about":[{"href":"https:\/\/www.sudoestehoje.com.br\/novoportal\/wp-json\/wp\/v2\/types\/post"}],"author":[{"embeddable":true,"href":"https:\/\/www.sudoestehoje.com.br\/novoportal\/wp-json\/wp\/v2\/users\/2"}],"replies":[{"embeddable":true,"href":"https:\/\/www.sudoestehoje.com.br\/novoportal\/wp-json\/wp\/v2\/comments?post=60972"}],"version-history":[{"count":2,"href":"https:\/\/www.sudoestehoje.com.br\/novoportal\/wp-json\/wp\/v2\/posts\/60972\/revisions"}],"predecessor-version":[{"id":60975,"href":"https:\/\/www.sudoestehoje.com.br\/novoportal\/wp-json\/wp\/v2\/posts\/60972\/revisions\/60975"}],"wp:attachment":[{"href":"https:\/\/www.sudoestehoje.com.br\/novoportal\/wp-json\/wp\/v2\/media?parent=60972"}],"wp:term":[{"taxonomy":"category","embeddable":true,"href":"https:\/\/www.sudoestehoje.com.br\/novoportal\/wp-json\/wp\/v2\/categories?post=60972"},{"taxonomy":"post_tag","embeddable":true,"href":"https:\/\/www.sudoestehoje.com.br\/novoportal\/wp-json\/wp\/v2\/tags?post=60972"}],"curies":[{"name":"wp","href":"https:\/\/api.w.org\/{rel}","templated":true}]}}