
{"id":60927,"date":"2016-09-16T23:05:36","date_gmt":"2016-09-17T02:05:36","guid":{"rendered":"http:\/\/www.sudoestehoje.com.br\/novoportal\/?p=60927"},"modified":"2016-09-16T23:10:10","modified_gmt":"2016-09-17T02:10:10","slug":"eleicoes-a-partir-deste-sabado-candidato-so-podera-ser-preso-em-flagrante","status":"publish","type":"post","link":"https:\/\/www.sudoestehoje.com.br\/novoportal\/2016\/09\/16\/eleicoes-a-partir-deste-sabado-candidato-so-podera-ser-preso-em-flagrante\/","title":{"rendered":"ELEI\u00c7\u00d5ES: A PARTIR DESTE S\u00c1BADO, CANDIDATO S\u00d3 PODER\u00c1 SER PRESO EM FLAGRANTE"},"content":{"rendered":"<p><a href=\"http:\/\/www.sudoestehoje.com.br\/novoportal\/wp-content\/uploads\/2016\/09\/PRESO.jpg\" rel=\"attachment wp-att-60929\"><img loading=\"lazy\" decoding=\"async\" class=\"aligncenter wp-image-60929\" src=\"http:\/\/www.sudoestehoje.com.br\/novoportal\/wp-content\/uploads\/2016\/09\/PRESO-500x306.jpg\" alt=\"preso\" width=\"500\" height=\"306\" srcset=\"https:\/\/www.sudoestehoje.com.br\/novoportal\/wp-content\/uploads\/2016\/09\/PRESO-500x306.jpg 500w, https:\/\/www.sudoestehoje.com.br\/novoportal\/wp-content\/uploads\/2016\/09\/PRESO.jpg 588w\" sizes=\"auto, (max-width: 500px) 100vw, 500px\" \/><\/a><\/p>\n<p>Nenhum candidato a prefeito, vice-prefeito ou vereador poder\u00e1 ser detido ou preso, salvo em flagrante delito, a partir deste s\u00e1bado (17\/9). A medida faz parte de dispositivo do C\u00f3digo Eleitoral (Lei 4.737\/65).<\/p>\n<p>O ministro Admar Gonzaga, do Tribunal Superior Eleitoral, explica que a medida \u00e9 necess\u00e1ria para impedir que pris\u00f5es sejam usadas \u201ccomo elemento de constrangimento pol\u00edtico, afastando o candidato da campanha, o que n\u00e3o pode ser admitido em uma democracia, salvo se houver flagrante delito\u201d. \u00a0<em>Com informa\u00e7\u00f5es da Assessoria de Imprensa do TSE.<\/em><\/p>\n<p><img decoding=\"async\" class=\"aligncenter\" src=\"http:\/\/www.sudoestehoje.com.br\/novoportal\/wp-content\/uploads\/2014\/07\/Feira-do-Lar-1.png\" alt=\"Feira-do-Lar (1)\" \/><\/p>\n","protected":false},"excerpt":{"rendered":"<p>Nenhum candidato a prefeito, vice-prefeito ou vereador poder\u00e1 ser detido ou preso, salvo em flagrante delito, a partir deste s\u00e1bado (17\/9). A medida faz parte de dispositivo do C\u00f3digo Eleitoral (Lei 4.737\/65). O ministro Admar Gonzaga, do Tribunal Superior Eleitoral, explica que a medida \u00e9 necess\u00e1ria para impedir que pris\u00f5es sejam usadas \u201ccomo elemento de [&hellip;]<\/p>\n","protected":false},"author":2,"featured_media":0,"comment_status":"open","ping_status":"open","sticky":false,"template":"","format":"standard","meta":{"footnotes":"","_links_to":"","_links_to_target":""},"categories":[1],"tags":[],"class_list":["post-60927","post","type-post","status-publish","format-standard","hentry","category-geral"],"views":1271,"_links":{"self":[{"href":"https:\/\/www.sudoestehoje.com.br\/novoportal\/wp-json\/wp\/v2\/posts\/60927","targetHints":{"allow":["GET"]}}],"collection":[{"href":"https:\/\/www.sudoestehoje.com.br\/novoportal\/wp-json\/wp\/v2\/posts"}],"about":[{"href":"https:\/\/www.sudoestehoje.com.br\/novoportal\/wp-json\/wp\/v2\/types\/post"}],"author":[{"embeddable":true,"href":"https:\/\/www.sudoestehoje.com.br\/novoportal\/wp-json\/wp\/v2\/users\/2"}],"replies":[{"embeddable":true,"href":"https:\/\/www.sudoestehoje.com.br\/novoportal\/wp-json\/wp\/v2\/comments?post=60927"}],"version-history":[{"count":4,"href":"https:\/\/www.sudoestehoje.com.br\/novoportal\/wp-json\/wp\/v2\/posts\/60927\/revisions"}],"predecessor-version":[{"id":60932,"href":"https:\/\/www.sudoestehoje.com.br\/novoportal\/wp-json\/wp\/v2\/posts\/60927\/revisions\/60932"}],"wp:attachment":[{"href":"https:\/\/www.sudoestehoje.com.br\/novoportal\/wp-json\/wp\/v2\/media?parent=60927"}],"wp:term":[{"taxonomy":"category","embeddable":true,"href":"https:\/\/www.sudoestehoje.com.br\/novoportal\/wp-json\/wp\/v2\/categories?post=60927"},{"taxonomy":"post_tag","embeddable":true,"href":"https:\/\/www.sudoestehoje.com.br\/novoportal\/wp-json\/wp\/v2\/tags?post=60927"}],"curies":[{"name":"wp","href":"https:\/\/api.w.org\/{rel}","templated":true}]}}