
{"id":60913,"date":"2016-09-16T14:21:43","date_gmt":"2016-09-16T17:21:43","guid":{"rendered":"http:\/\/www.sudoestehoje.com.br\/novoportal\/?p=60913"},"modified":"2016-09-16T22:26:00","modified_gmt":"2016-09-17T01:26:00","slug":"eleicoes-tiquinho-e-leo-realizam-grande-caminhada-do-12-nas-vilas","status":"publish","type":"post","link":"https:\/\/www.sudoestehoje.com.br\/novoportal\/2016\/09\/16\/eleicoes-tiquinho-e-leo-realizam-grande-caminhada-do-12-nas-vilas\/","title":{"rendered":"ELEI\u00c7\u00d5ES: TIQUINHO E L\u00c9O REALIZAM GRANDE CAMINHADA DO 12 NAS VILAS"},"content":{"rendered":"<p><a href=\"http:\/\/www.sudoestehoje.com.br\/novoportal\/wp-content\/uploads\/2016\/09\/T-1.jpg\" rel=\"attachment wp-att-60914\"><img loading=\"lazy\" decoding=\"async\" class=\"aligncenter size-medium wp-image-60914\" src=\"http:\/\/www.sudoestehoje.com.br\/novoportal\/wp-content\/uploads\/2016\/09\/T-1-500x333.jpg\" alt=\"t-1\" width=\"500\" height=\"333\" srcset=\"https:\/\/www.sudoestehoje.com.br\/novoportal\/wp-content\/uploads\/2016\/09\/T-1-500x333.jpg 500w, https:\/\/www.sudoestehoje.com.br\/novoportal\/wp-content\/uploads\/2016\/09\/T-1-768x512.jpg 768w, https:\/\/www.sudoestehoje.com.br\/novoportal\/wp-content\/uploads\/2016\/09\/T-1-700x467.jpg 700w, https:\/\/www.sudoestehoje.com.br\/novoportal\/wp-content\/uploads\/2016\/09\/T-1.jpg 960w\" sizes=\"auto, (max-width: 500px) 100vw, 500px\" \/><\/a><\/p>\n<p><em><strong>Texto: Ascom PR (Fotos: F\u00e1bio Nogueira)<\/strong><\/em><\/p>\n<p><strong>Na noite desta quinta-feira (15), os candidatos a prefeito e vice, Hild\u00e9rico \u201cTiquinho\u201d Nogueira (PDT) e L\u00e9o Matos (PR), da coliga\u00e7\u00e3o \u201cUm Novo Tempo\u201d realizaram a III Grande Caminhada 12, da Avenida Rosa Riach\u00e3o, no Bairro Vila Riach\u00e3o at\u00e9 a Pra\u00e7a Jorge Saliba, na Vila Isabel.<\/strong><\/p>\n<p><a href=\"http:\/\/www.sudoestehoje.com.br\/novoportal\/wp-content\/uploads\/2016\/09\/T-3.jpg\" rel=\"attachment wp-att-60918\"><img loading=\"lazy\" decoding=\"async\" class=\"aligncenter size-medium wp-image-60918\" src=\"http:\/\/www.sudoestehoje.com.br\/novoportal\/wp-content\/uploads\/2016\/09\/T-3-500x333.jpg\" alt=\"t-3\" width=\"500\" height=\"333\" srcset=\"https:\/\/www.sudoestehoje.com.br\/novoportal\/wp-content\/uploads\/2016\/09\/T-3-500x333.jpg 500w, https:\/\/www.sudoestehoje.com.br\/novoportal\/wp-content\/uploads\/2016\/09\/T-3-768x512.jpg 768w, https:\/\/www.sudoestehoje.com.br\/novoportal\/wp-content\/uploads\/2016\/09\/T-3-700x467.jpg 700w, https:\/\/www.sudoestehoje.com.br\/novoportal\/wp-content\/uploads\/2016\/09\/T-3.jpg 960w\" sizes=\"auto, (max-width: 500px) 100vw, 500px\" \/><\/a><\/p>\n<p><strong>Diversas lideran\u00e7as locais, candidatos a vereadores da coliga\u00e7\u00e3o e o atuante deputado federal Ant\u00f4nio Brito (PSD) participaram do evento, considerado o maior j\u00e1 realizado por uma coliga\u00e7\u00e3o majorit\u00e1ria nessas elei\u00e7\u00f5es na quinta-feira.<\/strong><\/p>\n<p><a href=\"http:\/\/www.sudoestehoje.com.br\/novoportal\/wp-content\/uploads\/2016\/09\/T-2.jpg\" rel=\"attachment wp-att-60915\"><img loading=\"lazy\" decoding=\"async\" class=\"aligncenter size-medium wp-image-60915\" src=\"http:\/\/www.sudoestehoje.com.br\/novoportal\/wp-content\/uploads\/2016\/09\/T-2-500x375.jpg\" alt=\"t-2\" width=\"500\" height=\"375\" srcset=\"https:\/\/www.sudoestehoje.com.br\/novoportal\/wp-content\/uploads\/2016\/09\/T-2-500x375.jpg 500w, https:\/\/www.sudoestehoje.com.br\/novoportal\/wp-content\/uploads\/2016\/09\/T-2-768x576.jpg 768w, https:\/\/www.sudoestehoje.com.br\/novoportal\/wp-content\/uploads\/2016\/09\/T-2-700x525.jpg 700w, https:\/\/www.sudoestehoje.com.br\/novoportal\/wp-content\/uploads\/2016\/09\/T-2.jpg 960w\" sizes=\"auto, (max-width: 500px) 100vw, 500px\" \/><\/a><\/p>\n<p><strong>Embalados pelo hit \u201cSa\u00ed da frente, que l\u00e1 vem o 12\u201d, Tiquinho, L\u00e9o e a milit\u00e2ncia eram recebidos calorosamente pela comunidade das Vilas, que coloriu o percurso de azul.<\/strong><\/p>\n<p><a href=\"http:\/\/www.sudoestehoje.com.br\/novoportal\/wp-content\/uploads\/2016\/09\/T-4.jpg\" rel=\"attachment wp-att-60919\"><img loading=\"lazy\" decoding=\"async\" class=\"aligncenter size-medium wp-image-60919\" src=\"http:\/\/www.sudoestehoje.com.br\/novoportal\/wp-content\/uploads\/2016\/09\/T-4-500x333.jpg\" alt=\"t-4\" width=\"500\" height=\"333\" srcset=\"https:\/\/www.sudoestehoje.com.br\/novoportal\/wp-content\/uploads\/2016\/09\/T-4-500x333.jpg 500w, https:\/\/www.sudoestehoje.com.br\/novoportal\/wp-content\/uploads\/2016\/09\/T-4-768x512.jpg 768w, https:\/\/www.sudoestehoje.com.br\/novoportal\/wp-content\/uploads\/2016\/09\/T-4-700x467.jpg 700w, https:\/\/www.sudoestehoje.com.br\/novoportal\/wp-content\/uploads\/2016\/09\/T-4.jpg 960w\" sizes=\"auto, (max-width: 500px) 100vw, 500px\" \/><\/a><\/p>\n<p><strong>Em seu discurso, o deputado federal Ant\u00f4nio Brito destacou o trabalho realizado pela Funda\u00e7\u00e3o Jos\u00e9 Silveira e a sua luta junto a outras esferas para buscar melhorias para o munic\u00edpio.<\/strong><\/p>\n<p><a href=\"http:\/\/www.sudoestehoje.com.br\/novoportal\/wp-content\/uploads\/2016\/09\/T-5.jpg\" rel=\"attachment wp-att-60920\"><img loading=\"lazy\" decoding=\"async\" class=\"aligncenter size-medium wp-image-60920\" src=\"http:\/\/www.sudoestehoje.com.br\/novoportal\/wp-content\/uploads\/2016\/09\/T-5-500x333.jpg\" alt=\"t-5\" width=\"500\" height=\"333\" srcset=\"https:\/\/www.sudoestehoje.com.br\/novoportal\/wp-content\/uploads\/2016\/09\/T-5-500x333.jpg 500w, https:\/\/www.sudoestehoje.com.br\/novoportal\/wp-content\/uploads\/2016\/09\/T-5-768x512.jpg 768w, https:\/\/www.sudoestehoje.com.br\/novoportal\/wp-content\/uploads\/2016\/09\/T-5-700x467.jpg 700w, https:\/\/www.sudoestehoje.com.br\/novoportal\/wp-content\/uploads\/2016\/09\/T-5.jpg 960w\" sizes=\"auto, (max-width: 500px) 100vw, 500px\" \/><\/a><\/p>\n<p><strong>Em seguida, os candidatos a prefeito e vice da coliga\u00e7\u00e3o \u201cUm Novo Tempo\u201d, enalteceram a parceria com o parlamentar, que j\u00e1 destinou mais de R$ 2 milh\u00f5es de emendas para a cidade e agradeceram simpatizantes, familiares e amigos pelas demostra\u00e7\u00f5es de apoio e carinho a candidatura.\u00a0<\/strong><\/p>\n\n\t\t<style type=\"text\/css\">\n\t\t\t#gallery-1 {\n\t\t\t\tmargin: auto;\n\t\t\t}\n\t\t\t#gallery-1 .gallery-item {\n\t\t\t\tfloat: left;\n\t\t\t\tmargin-top: 10px;\n\t\t\t\ttext-align: center;\n\t\t\t\twidth: 33%;\n\t\t\t}\n\t\t\t#gallery-1 img {\n\t\t\t\tborder: 2px solid #cfcfcf;\n\t\t\t}\n\t\t\t#gallery-1 .gallery-caption {\n\t\t\t\tmargin-left: 0;\n\t\t\t}\n\t\t\t\/* see gallery_shortcode() in wp-includes\/media.php *\/\n\t\t<\/style>\n\t\t<div id='gallery-1' class='gallery galleryid-60913 gallery-columns-3 gallery-size-thumbnail'><dl class='gallery-item'>\n\t\t\t<dt class='gallery-icon landscape'>\n\t\t\t\t<a href='https:\/\/www.sudoestehoje.com.br\/novoportal\/2016\/09\/16\/eleicoes-tiquinho-e-leo-realizam-grande-caminhada-do-12-nas-vilas\/t-6-4\/'><img loading=\"lazy\" decoding=\"async\" width=\"150\" height=\"150\" src=\"https:\/\/www.sudoestehoje.com.br\/novoportal\/wp-content\/uploads\/2016\/09\/T-6-1-150x150.jpg\" class=\"attachment-thumbnail size-thumbnail\" alt=\"\" \/><\/a>\n\t\t\t<\/dt><\/dl><dl class='gallery-item'>\n\t\t\t<dt class='gallery-icon landscape'>\n\t\t\t\t<a href='https:\/\/www.sudoestehoje.com.br\/novoportal\/2016\/09\/16\/eleicoes-tiquinho-e-leo-realizam-grande-caminhada-do-12-nas-vilas\/t-7-3\/'><img loading=\"lazy\" decoding=\"async\" width=\"150\" height=\"150\" src=\"https:\/\/www.sudoestehoje.com.br\/novoportal\/wp-content\/uploads\/2016\/09\/T-7-150x150.jpg\" class=\"attachment-thumbnail size-thumbnail\" alt=\"\" \/><\/a>\n\t\t\t<\/dt><\/dl><dl class='gallery-item'>\n\t\t\t<dt class='gallery-icon landscape'>\n\t\t\t\t<a href='https:\/\/www.sudoestehoje.com.br\/novoportal\/2016\/09\/16\/eleicoes-tiquinho-e-leo-realizam-grande-caminhada-do-12-nas-vilas\/t-8-2\/'><img loading=\"lazy\" decoding=\"async\" width=\"150\" height=\"150\" src=\"https:\/\/www.sudoestehoje.com.br\/novoportal\/wp-content\/uploads\/2016\/09\/T-8-150x150.jpg\" class=\"attachment-thumbnail size-thumbnail\" alt=\"\" \/><\/a>\n\t\t\t<\/dt><\/dl><br style=\"clear: both\" \/>\n\t\t<\/div>\n\n","protected":false},"excerpt":{"rendered":"<p>Texto: Ascom PR (Fotos: F\u00e1bio Nogueira) Na noite desta quinta-feira (15), os candidatos a prefeito e vice, Hild\u00e9rico \u201cTiquinho\u201d Nogueira (PDT) e L\u00e9o Matos (PR), da coliga\u00e7\u00e3o \u201cUm Novo Tempo\u201d realizaram a III Grande Caminhada 12, da Avenida Rosa Riach\u00e3o, no Bairro Vila Riach\u00e3o at\u00e9 a Pra\u00e7a Jorge Saliba, na Vila Isabel. Diversas lideran\u00e7as locais, [&hellip;]<\/p>\n","protected":false},"author":2,"featured_media":0,"comment_status":"open","ping_status":"open","sticky":false,"template":"","format":"standard","meta":{"footnotes":"","_links_to":"","_links_to_target":""},"categories":[1],"tags":[],"class_list":["post-60913","post","type-post","status-publish","format-standard","hentry","category-geral"],"views":1844,"_links":{"self":[{"href":"https:\/\/www.sudoestehoje.com.br\/novoportal\/wp-json\/wp\/v2\/posts\/60913","targetHints":{"allow":["GET"]}}],"collection":[{"href":"https:\/\/www.sudoestehoje.com.br\/novoportal\/wp-json\/wp\/v2\/posts"}],"about":[{"href":"https:\/\/www.sudoestehoje.com.br\/novoportal\/wp-json\/wp\/v2\/types\/post"}],"author":[{"embeddable":true,"href":"https:\/\/www.sudoestehoje.com.br\/novoportal\/wp-json\/wp\/v2\/users\/2"}],"replies":[{"embeddable":true,"href":"https:\/\/www.sudoestehoje.com.br\/novoportal\/wp-json\/wp\/v2\/comments?post=60913"}],"version-history":[{"count":4,"href":"https:\/\/www.sudoestehoje.com.br\/novoportal\/wp-json\/wp\/v2\/posts\/60913\/revisions"}],"predecessor-version":[{"id":60926,"href":"https:\/\/www.sudoestehoje.com.br\/novoportal\/wp-json\/wp\/v2\/posts\/60913\/revisions\/60926"}],"wp:attachment":[{"href":"https:\/\/www.sudoestehoje.com.br\/novoportal\/wp-json\/wp\/v2\/media?parent=60913"}],"wp:term":[{"taxonomy":"category","embeddable":true,"href":"https:\/\/www.sudoestehoje.com.br\/novoportal\/wp-json\/wp\/v2\/categories?post=60913"},{"taxonomy":"post_tag","embeddable":true,"href":"https:\/\/www.sudoestehoje.com.br\/novoportal\/wp-json\/wp\/v2\/tags?post=60913"}],"curies":[{"name":"wp","href":"https:\/\/api.w.org\/{rel}","templated":true}]}}