
{"id":6086,"date":"2011-06-24T18:27:32","date_gmt":"2011-06-24T21:27:32","guid":{"rendered":"http:\/\/www.sudoestehoje.com.br\/novoportal\/?p=6086"},"modified":"2011-06-24T18:27:32","modified_gmt":"2011-06-24T21:27:32","slug":"prefeito-de-itororo-entre-o-desespero-da-reeleicao-e-o-despreparo-para-lidar-com-os-contrarios","status":"publish","type":"post","link":"https:\/\/www.sudoestehoje.com.br\/novoportal\/2011\/06\/24\/prefeito-de-itororo-entre-o-desespero-da-reeleicao-e-o-despreparo-para-lidar-com-os-contrarios\/","title":{"rendered":"PREFEITO DE ITOROR\u00d3 ENTRE O DESESPERO DA REELEI\u00c7\u00c3O E O DESPREPARO PARA LIDAR COM OS CONTR\u00c1RIOS"},"content":{"rendered":"<div id=\"message568624467\">\n<div id=\"yiv335906334\">\n<p><span style=\"font-size: small; font-family: Calibri;\"><a href=\"http:\/\/www.sudoestehoje.com.br\/novoportal\/wp-content\/uploads\/2011\/06\/FOTO-CABE\u00c7ALHO-DAS-MAT\u00c9RIAS-DE-MILTON-MARINHO.jpg\"><\/a><\/span><\/p>\n<p style=\"text-align: center;\"><span style=\"font-size: small; font-family: Calibri;\">\u00a0<a href=\"http:\/\/www.sudoestehoje.com.br\/novoportal\/wp-content\/uploads\/2011\/06\/Foto-artigos-Milton-marinho.jpg\"><img loading=\"lazy\" decoding=\"async\" class=\"size-medium wp-image-6090  aligncenter\" title=\"Foto artigos Milton marinho\" src=\"http:\/\/www.sudoestehoje.com.br\/novoportal\/wp-content\/uploads\/2011\/06\/Foto-artigos-Milton-marinho-500x311.jpg\" alt=\"\" width=\"500\" height=\"311\" srcset=\"https:\/\/www.sudoestehoje.com.br\/novoportal\/wp-content\/uploads\/2011\/06\/Foto-artigos-Milton-marinho-500x311.jpg 500w, https:\/\/www.sudoestehoje.com.br\/novoportal\/wp-content\/uploads\/2011\/06\/Foto-artigos-Milton-marinho-1024x637.jpg 1024w\" sizes=\"auto, (max-width: 500px) 100vw, 500px\" \/><\/a><\/span><\/p>\n<p><span style=\"font-size: small; font-family: Calibri;\">\u00a0<\/span><\/p>\n<p><span style=\"font-size: small; font-family: Calibri;\">\u00a0<\/span><\/p>\n<p><span style=\"font-size: small; font-family: Calibri;\">&#8220;ESTOU AQUI DEFENDENDO O MEU EMPREGO&#8221; <\/span><\/p>\n<p><span style=\"font-size: small; font-family: Calibri;\">Como se estiv\u00e9ssemos numa \u00e9poca de recess\u00e3o e desemprego, o prefeito Adroaldo come\u00e7a e termina suas reuni\u00f5es inventadas sob qualquer motivo ou pretexto, com os funcion\u00e1rios do munic\u00edpio (que ele julga ser dele), efetivos ou contratados, com a seguinte frase: \u201c<em>Eu estou aqui defendendo o meu emprego\u201d. <\/em>O que est\u00e1 por tr\u00e1s e por dentro dessa terr\u00edvel frase? <\/span><\/p>\n<p><span style=\"font-size: small; font-family: Calibri;\">S\u00e3o mais de mil funcion\u00e1rios sobrevivendo sob o jugo totalit\u00e1rio do prefeito, este n\u00e3o possui o carisma dos verdadeiros l\u00edderes, adora ser chamado de Stalin e incorpora a pior parte do ditador russo, a parte do opressor, pois a parte do transformador e construtor de um novo estado ele n\u00e3o chega nem os p\u00e9s do monstro que ambos personificam. Quanto \u00e0 frase, ela quer dizer exatamente o que se encontra no seu seio:<\/span><\/p>\n<p><span style=\"font-size: small; font-family: Calibri;\">1)<\/span>\u00a0\u00a0\u00a0\u00a0\u00a0 <span style=\"font-size: small; font-family: Calibri;\">Se eu souber que voc\u00eas n\u00e3o me ap\u00f3iam, v\u00e3o perder os seus empregos.<\/span><\/p>\n<p><span style=\"font-size: small; font-family: Calibri;\">2)<\/span>\u00a0\u00a0\u00a0\u00a0\u00a0 <span style=\"font-size: small; font-family: Calibri;\">Se voc\u00eas n\u00e3o acreditarem em minhas mentiras, seus filhos v\u00e3o passar fome.<\/span><\/p>\n<p><span style=\"font-size: small; font-family: Calibri;\">3)<\/span>\u00a0\u00a0\u00a0\u00a0\u00a0 <span style=\"font-size: small; font-family: Calibri;\">Se voc\u00eas n\u00e3o vestirem a camisa do governo, vou encher um \u00f4nibus da S\u00e3o Geraldo e mandar todos voc\u00eas para S\u00e3o Paulo, para ampliar os bols\u00f5es de mis\u00e9ria da metr\u00f3pole.<\/span><\/p>\n<p><span style=\"font-size: small; font-family: Calibri;\">A FORMA DE FAZER POL\u00cdTICA SOBREP\u00d5E A ADMINISTRA\u00c7\u00c3O QUE DESEJA CAPITALIZAR EM VOTOS ATRAV\u00c9S DA TORTURA PISICOL\u00d3GICA PERMANENTE.<\/span><\/p>\n<p><span style=\"font-size: small; font-family: Calibri;\">Enfim, parcos leitores desse meu texto: O grande homem que modestamente\u00a0ajudei a construir para se tornar uma promessa brasileira, inicia sua carreia sendo apenas uma amea\u00e7a municipal.<\/span><\/p>\n<p><span style=\"font-size: small; font-family: Calibri;\">Quero cortar minha l\u00edngua em pra\u00e7a p\u00fablica, se estiver mentindo. <\/span><\/p>\n<p><span style=\"font-size: small; font-family: Calibri;\"><em><strong>Por: Milton Marinho<\/strong><\/em><\/span><\/p>\n<\/div>\n<\/div>\n","protected":false},"excerpt":{"rendered":"<p>\u00a0 \u00a0 \u00a0 &#8220;ESTOU AQUI DEFENDENDO O MEU EMPREGO&#8221; Como se estiv\u00e9ssemos numa \u00e9poca de recess\u00e3o e desemprego, o prefeito Adroaldo come\u00e7a e termina suas reuni\u00f5es inventadas sob qualquer motivo ou pretexto, com os funcion\u00e1rios do munic\u00edpio (que ele julga ser dele), efetivos ou contratados, com a seguinte frase: \u201cEu estou aqui defendendo o meu [&hellip;]<\/p>\n","protected":false},"author":2,"featured_media":0,"comment_status":"open","ping_status":"open","sticky":false,"template":"","format":"standard","meta":{"footnotes":"","_links_to":"","_links_to_target":""},"categories":[1],"tags":[],"class_list":["post-6086","post","type-post","status-publish","format-standard","hentry","category-geral"],"views":1474,"_links":{"self":[{"href":"https:\/\/www.sudoestehoje.com.br\/novoportal\/wp-json\/wp\/v2\/posts\/6086","targetHints":{"allow":["GET"]}}],"collection":[{"href":"https:\/\/www.sudoestehoje.com.br\/novoportal\/wp-json\/wp\/v2\/posts"}],"about":[{"href":"https:\/\/www.sudoestehoje.com.br\/novoportal\/wp-json\/wp\/v2\/types\/post"}],"author":[{"embeddable":true,"href":"https:\/\/www.sudoestehoje.com.br\/novoportal\/wp-json\/wp\/v2\/users\/2"}],"replies":[{"embeddable":true,"href":"https:\/\/www.sudoestehoje.com.br\/novoportal\/wp-json\/wp\/v2\/comments?post=6086"}],"version-history":[{"count":6,"href":"https:\/\/www.sudoestehoje.com.br\/novoportal\/wp-json\/wp\/v2\/posts\/6086\/revisions"}],"predecessor-version":[{"id":6095,"href":"https:\/\/www.sudoestehoje.com.br\/novoportal\/wp-json\/wp\/v2\/posts\/6086\/revisions\/6095"}],"wp:attachment":[{"href":"https:\/\/www.sudoestehoje.com.br\/novoportal\/wp-json\/wp\/v2\/media?parent=6086"}],"wp:term":[{"taxonomy":"category","embeddable":true,"href":"https:\/\/www.sudoestehoje.com.br\/novoportal\/wp-json\/wp\/v2\/categories?post=6086"},{"taxonomy":"post_tag","embeddable":true,"href":"https:\/\/www.sudoestehoje.com.br\/novoportal\/wp-json\/wp\/v2\/tags?post=6086"}],"curies":[{"name":"wp","href":"https:\/\/api.w.org\/{rel}","templated":true}]}}