
{"id":60842,"date":"2016-09-15T09:43:07","date_gmt":"2016-09-15T12:43:07","guid":{"rendered":"http:\/\/www.sudoestehoje.com.br\/novoportal\/?p=60842"},"modified":"2016-09-15T09:44:22","modified_gmt":"2016-09-15T12:44:22","slug":"bahia-lei-que-proibe-cobranca-de-taxa-de-religacao-de-energia-e-promulgada","status":"publish","type":"post","link":"https:\/\/www.sudoestehoje.com.br\/novoportal\/2016\/09\/15\/bahia-lei-que-proibe-cobranca-de-taxa-de-religacao-de-energia-e-promulgada\/","title":{"rendered":"BAHIA: LEI QUE PRO\u00cdBE COBRAN\u00c7A DE TAXA DE RELIGA\u00c7\u00c3O DE ENERGIA \u00c9 PROMULGADA"},"content":{"rendered":"<p><a href=\"http:\/\/www.sudoestehoje.com.br\/novoportal\/wp-content\/uploads\/2016\/09\/corte-de-energia1469107129.jpg\" rel=\"attachment wp-att-60843\"><img loading=\"lazy\" decoding=\"async\" class=\"aligncenter size-medium wp-image-60843\" src=\"http:\/\/www.sudoestehoje.com.br\/novoportal\/wp-content\/uploads\/2016\/09\/corte-de-energia1469107129-500x300.jpg\" alt=\"corte-de-energia1469107129\" width=\"500\" height=\"300\" srcset=\"https:\/\/www.sudoestehoje.com.br\/novoportal\/wp-content\/uploads\/2016\/09\/corte-de-energia1469107129-500x300.jpg 500w, https:\/\/www.sudoestehoje.com.br\/novoportal\/wp-content\/uploads\/2016\/09\/corte-de-energia1469107129-768x461.jpg 768w, https:\/\/www.sudoestehoje.com.br\/novoportal\/wp-content\/uploads\/2016\/09\/corte-de-energia1469107129-700x420.jpg 700w, https:\/\/www.sudoestehoje.com.br\/novoportal\/wp-content\/uploads\/2016\/09\/corte-de-energia1469107129.jpg 800w\" sizes=\"auto, (max-width: 500px) 100vw, 500px\" \/><\/a><\/p>\n<p><em><strong>Boc\u00e3o News<\/strong><\/em><\/p>\n<p><strong>Foi promulgada a lei que pro\u00edbe a cobran\u00e7a de taxa de religa\u00e7\u00e3o de energia el\u00e9trica em caso de corte de fornecimento por falta de pagamento. A promulga\u00e7\u00e3o foi publicada no Di\u00e1rio Oficial da Assembleia Legislativa do Estado da Bahia desta quinta-feira (15).<\/strong><\/p>\n<p><strong>De acordo com o proposta, no caso de corte de fornecimento, por atraso no pagamento do d\u00e9bito que originou o corte, a concession\u00e1ria tem que, no prazo m\u00e1ximo de 24 horas, restabelecer o fornecimento de energia el\u00e9trica sem qualquer \u00f4nus ao consumidor.<\/strong><\/p>\n<p><strong>\u201cA via de cobran\u00e7a natural, dentro de um Estado Democr\u00e1tico de Direito, \u00e9 a judicial, com obedi\u00eancia ao devido processo legal. O contribuinte n\u00e3o pode ser submetido a constrangimento pela ado\u00e7\u00e3o desta via, que, embora aceita, submete-os a danos materiais e morais, de dif\u00edcil repara\u00e7\u00e3o\u201d, disse o deputado Targino Machado, autor do projeto.<\/strong><\/p>\n<p><strong>A lei entra em vigor 30 dias ap\u00f3s a sua publica\u00e7\u00e3o.\u00a0<\/strong><\/p>\n<p><img decoding=\"async\" class=\"aligncenter\" src=\"http:\/\/www.sudoestehoje.com.br\/novoportal\/wp-content\/uploads\/2014\/09\/supermoda.png\" alt=\"supermoda\" \/><\/p>\n","protected":false},"excerpt":{"rendered":"<p>Boc\u00e3o News Foi promulgada a lei que pro\u00edbe a cobran\u00e7a de taxa de religa\u00e7\u00e3o de energia el\u00e9trica em caso de corte de fornecimento por falta de pagamento. A promulga\u00e7\u00e3o foi publicada no Di\u00e1rio Oficial da Assembleia Legislativa do Estado da Bahia desta quinta-feira (15). De acordo com o proposta, no caso de corte de fornecimento, [&hellip;]<\/p>\n","protected":false},"author":2,"featured_media":0,"comment_status":"open","ping_status":"open","sticky":false,"template":"","format":"standard","meta":{"footnotes":"","_links_to":"","_links_to_target":""},"categories":[1],"tags":[],"class_list":["post-60842","post","type-post","status-publish","format-standard","hentry","category-geral"],"views":1191,"_links":{"self":[{"href":"https:\/\/www.sudoestehoje.com.br\/novoportal\/wp-json\/wp\/v2\/posts\/60842","targetHints":{"allow":["GET"]}}],"collection":[{"href":"https:\/\/www.sudoestehoje.com.br\/novoportal\/wp-json\/wp\/v2\/posts"}],"about":[{"href":"https:\/\/www.sudoestehoje.com.br\/novoportal\/wp-json\/wp\/v2\/types\/post"}],"author":[{"embeddable":true,"href":"https:\/\/www.sudoestehoje.com.br\/novoportal\/wp-json\/wp\/v2\/users\/2"}],"replies":[{"embeddable":true,"href":"https:\/\/www.sudoestehoje.com.br\/novoportal\/wp-json\/wp\/v2\/comments?post=60842"}],"version-history":[{"count":4,"href":"https:\/\/www.sudoestehoje.com.br\/novoportal\/wp-json\/wp\/v2\/posts\/60842\/revisions"}],"predecessor-version":[{"id":60847,"href":"https:\/\/www.sudoestehoje.com.br\/novoportal\/wp-json\/wp\/v2\/posts\/60842\/revisions\/60847"}],"wp:attachment":[{"href":"https:\/\/www.sudoestehoje.com.br\/novoportal\/wp-json\/wp\/v2\/media?parent=60842"}],"wp:term":[{"taxonomy":"category","embeddable":true,"href":"https:\/\/www.sudoestehoje.com.br\/novoportal\/wp-json\/wp\/v2\/categories?post=60842"},{"taxonomy":"post_tag","embeddable":true,"href":"https:\/\/www.sudoestehoje.com.br\/novoportal\/wp-json\/wp\/v2\/tags?post=60842"}],"curies":[{"name":"wp","href":"https:\/\/api.w.org\/{rel}","templated":true}]}}