
{"id":60835,"date":"2016-09-15T00:00:56","date_gmt":"2016-09-15T03:00:56","guid":{"rendered":"http:\/\/www.sudoestehoje.com.br\/novoportal\/?p=60835"},"modified":"2016-09-15T00:00:56","modified_gmt":"2016-09-15T03:00:56","slug":"rui-costa-diz-que-vai-romper-com-terceirizadas-e-contratar-pelo-reda","status":"publish","type":"post","link":"https:\/\/www.sudoestehoje.com.br\/novoportal\/2016\/09\/15\/rui-costa-diz-que-vai-romper-com-terceirizadas-e-contratar-pelo-reda\/","title":{"rendered":"RUI COSTA DIZ QUE VAI ROMPER COM TERCEIRIZADAS E CONTRATAR PELO REDA"},"content":{"rendered":"<div class=\"_6l- __c_\">\n<div class=\"uiScaledImageContainer _6m5 fbStoryAttachmentImage\"><img loading=\"lazy\" decoding=\"async\" class=\"scaledImageFitWidth img aligncenter\" src=\"https:\/\/fbexternal-a.akamaihd.net\/safe_image.php?d=AQAyHWYHB3eqSZmY&amp;w=476&amp;h=249&amp;url=http%3A%2F%2Fvarelanoticias.com.br%2Fwp-content%2Fuploads%2F2016%2F02%2Fruicostagovernador2.jpg&amp;cfs=1&amp;upscale=1&amp;sx=0&amp;sy=134&amp;sw=1024&amp;sh=536\" alt=\"\" width=\"499\" height=\"261\" \/><\/div>\n<\/div>\n<p style=\"text-align: center;\">\n<p><strong>O governador Rui Costa (PT) anunciou, em seu Facebook, o cancelamento de contratos com empresas terceirizadas ligadas \u00e0 Secretaria da Educa\u00e7\u00e3o. Rui afirmou que as empresas n\u00e3o cumpriram com termos contratuais e por isso os v\u00ednculos com o governo foram cancelados.<\/strong><\/p>\n<p><strong>\u201cInfelizmente mesmo com a nova licita\u00e7\u00e3o tr\u00eas empresas n\u00e3o cumpriram com suas obriga\u00e7\u00f5es. Cancelamos esses contratos e vamos contratar os 7 mil profissionais das nossas escolas pelo regime de Reda, com isso resolvendo definitivamente. Trazendo tranquilidade e normalidade \u00e0s nossas escolas. Que isso sirva de exemplo para que todas as empresas cumpram suas obriga\u00e7\u00f5es\u201d, disse Rui, em v\u00eddeo.<\/strong><\/p>\n<p><strong>O regime especial de direito administrativo, mais popularmente conhecido como Reda, \u00e9 um regime de contrata\u00e7\u00e3o tempor\u00e1ria de pessoas que prestam servi\u00e7o ao poder p\u00fablico.<\/strong><\/p>\n<p><img decoding=\"async\" class=\"aligncenter\" src=\"http:\/\/www.sudoestehoje.com.br\/novoportal\/wp-content\/uploads\/2014\/11\/Logomarca-HB-Sementes-500x134.jpg\" alt=\"Logomarca HB Sementes\" \/><\/p>\n","protected":false},"excerpt":{"rendered":"<p>O governador Rui Costa (PT) anunciou, em seu Facebook, o cancelamento de contratos com empresas terceirizadas ligadas \u00e0 Secretaria da Educa\u00e7\u00e3o. Rui afirmou que as empresas n\u00e3o cumpriram com termos contratuais e por isso os v\u00ednculos com o governo foram cancelados. \u201cInfelizmente mesmo com a nova licita\u00e7\u00e3o tr\u00eas empresas n\u00e3o cumpriram com suas obriga\u00e7\u00f5es. Cancelamos [&hellip;]<\/p>\n","protected":false},"author":2,"featured_media":0,"comment_status":"open","ping_status":"open","sticky":false,"template":"","format":"standard","meta":{"footnotes":"","_links_to":"","_links_to_target":""},"categories":[1],"tags":[],"class_list":["post-60835","post","type-post","status-publish","format-standard","hentry","category-geral"],"views":1334,"_links":{"self":[{"href":"https:\/\/www.sudoestehoje.com.br\/novoportal\/wp-json\/wp\/v2\/posts\/60835","targetHints":{"allow":["GET"]}}],"collection":[{"href":"https:\/\/www.sudoestehoje.com.br\/novoportal\/wp-json\/wp\/v2\/posts"}],"about":[{"href":"https:\/\/www.sudoestehoje.com.br\/novoportal\/wp-json\/wp\/v2\/types\/post"}],"author":[{"embeddable":true,"href":"https:\/\/www.sudoestehoje.com.br\/novoportal\/wp-json\/wp\/v2\/users\/2"}],"replies":[{"embeddable":true,"href":"https:\/\/www.sudoestehoje.com.br\/novoportal\/wp-json\/wp\/v2\/comments?post=60835"}],"version-history":[{"count":2,"href":"https:\/\/www.sudoestehoje.com.br\/novoportal\/wp-json\/wp\/v2\/posts\/60835\/revisions"}],"predecessor-version":[{"id":60837,"href":"https:\/\/www.sudoestehoje.com.br\/novoportal\/wp-json\/wp\/v2\/posts\/60835\/revisions\/60837"}],"wp:attachment":[{"href":"https:\/\/www.sudoestehoje.com.br\/novoportal\/wp-json\/wp\/v2\/media?parent=60835"}],"wp:term":[{"taxonomy":"category","embeddable":true,"href":"https:\/\/www.sudoestehoje.com.br\/novoportal\/wp-json\/wp\/v2\/categories?post=60835"},{"taxonomy":"post_tag","embeddable":true,"href":"https:\/\/www.sudoestehoje.com.br\/novoportal\/wp-json\/wp\/v2\/tags?post=60835"}],"curies":[{"name":"wp","href":"https:\/\/api.w.org\/{rel}","templated":true}]}}