
{"id":60830,"date":"2016-09-14T23:27:16","date_gmt":"2016-09-15T02:27:16","guid":{"rendered":"http:\/\/www.sudoestehoje.com.br\/novoportal\/?p=60830"},"modified":"2016-09-15T01:02:50","modified_gmt":"2016-09-15T04:02:50","slug":"lava-jato-lula-e-denunciado-pelo-mpf-como-chefe-da-mafia-do-petrolao","status":"publish","type":"post","link":"https:\/\/www.sudoestehoje.com.br\/novoportal\/2016\/09\/14\/lava-jato-lula-e-denunciado-pelo-mpf-como-chefe-da-mafia-do-petrolao\/","title":{"rendered":"LAVA JATO: LULA \u00c9 DENUNCIADO PELO MPF COMO CHEFE DA M\u00c1FIA DO PETROL\u00c3O"},"content":{"rendered":"<div class=\"_6l- __c_\">\n<div class=\"uiScaledImageContainer _6m5 fbStoryAttachmentImage\"><img loading=\"lazy\" decoding=\"async\" class=\"scaledImageFitWidth img aligncenter\" src=\"https:\/\/fbexternal-a.akamaihd.net\/safe_image.php?d=AQBDNyyIVIykE8Rx&amp;w=476&amp;h=249&amp;url=fbstaging%3A%2F%2Fgraph.facebook.com%2Fstaging_resources%2FMDExMDE1NDI2NDk2NDcyNTYxNzozNjY3OTY5Njg%3D&amp;cfs=1&amp;upscale=1\" alt=\"\" width=\"499\" height=\"260\" \/><\/div>\n<\/div>\n<p><strong>O ex-presidente Luiz In\u00e1cio Lula da Silva foi denunciado nesta quarta-feira pela primeira vez no \u00e2mbito da Opera\u00e7\u00e3o Lava Jato. O Minist\u00e9rio P\u00fablico Federal no Paran\u00e1 acusa o petista dos crimes de corrup\u00e7\u00e3o passiva e lavagem de dinheiro, relativos \u00e0\u00a0reforma e propriedade do tr\u00edplex no Condom\u00ednio Solaris, no Guaruj\u00e1, litoral paulista. Se o juiz federal Sergio Moro aceitar a den\u00fancia, Lula se tornar\u00e1 r\u00e9u na Lava Jato.<\/strong><\/p>\n<p><strong>O petista j\u00e1 responde na Justi\u00e7a pela acusa\u00e7\u00e3o de tentar obstruir as investiga\u00e7\u00f5es da opera\u00e7\u00e3o, mas em uma a\u00e7\u00e3o que corre no Distrito Federal. Al\u00e9m do inqu\u00e9rito sobre o tr\u00edplex, a for\u00e7a-tarefa\u00a0investiga a compra do\u00a0s\u00edtio Santa B\u00e1rbara, em Atibaia (SP), e as raz\u00f5es pelas quais as empreiteiras Odebrecht e OAS executaram obras milion\u00e1rias nas propriedades. Tamb\u00e9m s\u00e3o investigadas as palestras do ex-presidente, contratadas a peso de ouro por empreiteiras envolvidas no petrol\u00e3o por meio da LILS Palestras.<\/strong><\/p>\n<p><strong>Al\u00e9m de Lula, foram denunciados pela for\u00e7a-tarefa da Lava Jato a ex-primeira-dama Marisa Let\u00edcia, o presidente do Instituto Lula, Paulo Okamotto, o empreiteiro L\u00e9o Pinheiro, da OAS, o ex-executivo da empreiteira Agenor Franklin Martins, o engenheiro Paulo Gordilho, F\u00e1bio Fori Yonamine e Roberto Moreira Ferreira.<\/strong><\/p>\n<p><img decoding=\"async\" class=\"aligncenter\" src=\"http:\/\/www.sudoestehoje.com.br\/novoportal\/wp-content\/uploads\/2014\/07\/Feira-do-Lar-1.png\" alt=\"Feira-do-Lar (1)\" \/><\/p>\n","protected":false},"excerpt":{"rendered":"<p>O ex-presidente Luiz In\u00e1cio Lula da Silva foi denunciado nesta quarta-feira pela primeira vez no \u00e2mbito da Opera\u00e7\u00e3o Lava Jato. O Minist\u00e9rio P\u00fablico Federal no Paran\u00e1 acusa o petista dos crimes de corrup\u00e7\u00e3o passiva e lavagem de dinheiro, relativos \u00e0\u00a0reforma e propriedade do tr\u00edplex no Condom\u00ednio Solaris, no Guaruj\u00e1, litoral paulista. Se o juiz federal [&hellip;]<\/p>\n","protected":false},"author":2,"featured_media":0,"comment_status":"open","ping_status":"open","sticky":false,"template":"","format":"standard","meta":{"footnotes":"","_links_to":"","_links_to_target":""},"categories":[1],"tags":[],"class_list":["post-60830","post","type-post","status-publish","format-standard","hentry","category-geral"],"views":1373,"_links":{"self":[{"href":"https:\/\/www.sudoestehoje.com.br\/novoportal\/wp-json\/wp\/v2\/posts\/60830","targetHints":{"allow":["GET"]}}],"collection":[{"href":"https:\/\/www.sudoestehoje.com.br\/novoportal\/wp-json\/wp\/v2\/posts"}],"about":[{"href":"https:\/\/www.sudoestehoje.com.br\/novoportal\/wp-json\/wp\/v2\/types\/post"}],"author":[{"embeddable":true,"href":"https:\/\/www.sudoestehoje.com.br\/novoportal\/wp-json\/wp\/v2\/users\/2"}],"replies":[{"embeddable":true,"href":"https:\/\/www.sudoestehoje.com.br\/novoportal\/wp-json\/wp\/v2\/comments?post=60830"}],"version-history":[{"count":4,"href":"https:\/\/www.sudoestehoje.com.br\/novoportal\/wp-json\/wp\/v2\/posts\/60830\/revisions"}],"predecessor-version":[{"id":60838,"href":"https:\/\/www.sudoestehoje.com.br\/novoportal\/wp-json\/wp\/v2\/posts\/60830\/revisions\/60838"}],"wp:attachment":[{"href":"https:\/\/www.sudoestehoje.com.br\/novoportal\/wp-json\/wp\/v2\/media?parent=60830"}],"wp:term":[{"taxonomy":"category","embeddable":true,"href":"https:\/\/www.sudoestehoje.com.br\/novoportal\/wp-json\/wp\/v2\/categories?post=60830"},{"taxonomy":"post_tag","embeddable":true,"href":"https:\/\/www.sudoestehoje.com.br\/novoportal\/wp-json\/wp\/v2\/tags?post=60830"}],"curies":[{"name":"wp","href":"https:\/\/api.w.org\/{rel}","templated":true}]}}