
{"id":60804,"date":"2016-09-14T11:15:14","date_gmt":"2016-09-14T14:15:14","guid":{"rendered":"http:\/\/www.sudoestehoje.com.br\/novoportal\/?p=60804"},"modified":"2016-09-14T10:16:17","modified_gmt":"2016-09-14T13:16:17","slug":"alecio-participa-de-plenaria-dos-trabalhadores-em-educacao-e-prefeituraveis","status":"publish","type":"post","link":"https:\/\/www.sudoestehoje.com.br\/novoportal\/2016\/09\/14\/alecio-participa-de-plenaria-dos-trabalhadores-em-educacao-e-prefeituraveis\/","title":{"rendered":"AL\u00c9CIO PARTICIPA DE PLEN\u00c1RIA DOS TRABALHADORES EM EDUCA\u00c7\u00c3O E PREFEITUR\u00c1VEIS"},"content":{"rendered":"<p><a href=\"http:\/\/www.sudoestehoje.com.br\/novoportal\/wp-content\/uploads\/2016\/09\/psd.jpg\" rel=\"attachment wp-att-60805\"><img loading=\"lazy\" decoding=\"async\" class=\"aligncenter size-medium wp-image-60805\" src=\"http:\/\/www.sudoestehoje.com.br\/novoportal\/wp-content\/uploads\/2016\/09\/psd-500x333.jpg\" alt=\"psd\" width=\"500\" height=\"333\" srcset=\"https:\/\/www.sudoestehoje.com.br\/novoportal\/wp-content\/uploads\/2016\/09\/psd-500x333.jpg 500w, https:\/\/www.sudoestehoje.com.br\/novoportal\/wp-content\/uploads\/2016\/09\/psd-768x511.jpg 768w, https:\/\/www.sudoestehoje.com.br\/novoportal\/wp-content\/uploads\/2016\/09\/psd-700x466.jpg 700w, https:\/\/www.sudoestehoje.com.br\/novoportal\/wp-content\/uploads\/2016\/09\/psd.jpg 960w\" sizes=\"auto, (max-width: 500px) 100vw, 500px\" \/><\/a><\/p>\n<p><em><strong>Ascom PSD<\/strong><\/em><\/p>\n<p><strong>Aconteceu nesta ter\u00e7a-feira, 13, no Clube dos Oper\u00e1rios, promovido pela APLB Sindicato, a Planer\u00e1ria sobre Educa\u00e7\u00e3o com os candidatos a prefeito de Itapetinga. Estiveram presentes Alecio Chaves e os outros candidatos.<\/strong><\/p>\n<p><a href=\"http:\/\/www.sudoestehoje.com.br\/novoportal\/wp-content\/uploads\/2016\/09\/psd-4.jpg\" rel=\"attachment wp-att-60806\"><img loading=\"lazy\" decoding=\"async\" class=\"aligncenter size-medium wp-image-60806\" src=\"http:\/\/www.sudoestehoje.com.br\/novoportal\/wp-content\/uploads\/2016\/09\/psd-4-500x333.jpg\" alt=\"psd-4\" width=\"500\" height=\"333\" srcset=\"https:\/\/www.sudoestehoje.com.br\/novoportal\/wp-content\/uploads\/2016\/09\/psd-4-500x333.jpg 500w, https:\/\/www.sudoestehoje.com.br\/novoportal\/wp-content\/uploads\/2016\/09\/psd-4-768x511.jpg 768w, https:\/\/www.sudoestehoje.com.br\/novoportal\/wp-content\/uploads\/2016\/09\/psd-4-700x466.jpg 700w, https:\/\/www.sudoestehoje.com.br\/novoportal\/wp-content\/uploads\/2016\/09\/psd-4.jpg 960w\" sizes=\"auto, (max-width: 500px) 100vw, 500px\" \/><\/a><\/p>\n<p><strong>Cada um falou sobre a sua proposta de governo na \u00e1rea da educa\u00e7\u00e3o. O Professor Alecio Chaves falou do seu Plano de Governo pautado no Plano Municipal de Educa\u00e7\u00e3o, que \u00e9 o documento que norteia toda a educa\u00e7\u00e3o municipal para os pr\u00f3ximos dez anos e foi discutido coletivamente com a sociedade e os segmentos que representam a educa\u00e7\u00e3o como a Secretaria Municipal de Educa\u00e7\u00e3o, Conselho de Educa\u00e7\u00e3o, Conselho do Fundeb e o Conselho da Merenda Escolar.<\/strong><\/p>\n<p><a href=\"http:\/\/www.sudoestehoje.com.br\/novoportal\/wp-content\/uploads\/2016\/09\/psd-1.jpg\" rel=\"attachment wp-att-60807\"><img loading=\"lazy\" decoding=\"async\" class=\"aligncenter size-medium wp-image-60807\" src=\"http:\/\/www.sudoestehoje.com.br\/novoportal\/wp-content\/uploads\/2016\/09\/psd-1-500x333.jpg\" alt=\"psd-1\" width=\"500\" height=\"333\" srcset=\"https:\/\/www.sudoestehoje.com.br\/novoportal\/wp-content\/uploads\/2016\/09\/psd-1-500x333.jpg 500w, https:\/\/www.sudoestehoje.com.br\/novoportal\/wp-content\/uploads\/2016\/09\/psd-1-768x511.jpg 768w, https:\/\/www.sudoestehoje.com.br\/novoportal\/wp-content\/uploads\/2016\/09\/psd-1-700x466.jpg 700w, https:\/\/www.sudoestehoje.com.br\/novoportal\/wp-content\/uploads\/2016\/09\/psd-1.jpg 960w\" sizes=\"auto, (max-width: 500px) 100vw, 500px\" \/><\/a><\/p>\n<p><strong>Ele abordou as principais tem\u00e1ticas e desafiou a todos os candidatos a assumirem um compromisso com as principais necessidades da educa\u00e7\u00e3o p\u00fablica como a participa\u00e7\u00e3o da comunidade, a gest\u00e3o, a autonomia da secretaria, transpar\u00eancia, valoriza\u00e7\u00e3o dos profissionais, escola de tempo integral e a elei\u00e7\u00e3o para diretores.<\/strong><\/p>\n<p><a href=\"http:\/\/www.sudoestehoje.com.br\/novoportal\/wp-content\/uploads\/2016\/09\/psd-2.jpg\" rel=\"attachment wp-att-60808\"><img loading=\"lazy\" decoding=\"async\" class=\"aligncenter size-medium wp-image-60808\" src=\"http:\/\/www.sudoestehoje.com.br\/novoportal\/wp-content\/uploads\/2016\/09\/psd-2-500x333.jpg\" alt=\"psd-2\" width=\"500\" height=\"333\" srcset=\"https:\/\/www.sudoestehoje.com.br\/novoportal\/wp-content\/uploads\/2016\/09\/psd-2-500x333.jpg 500w, https:\/\/www.sudoestehoje.com.br\/novoportal\/wp-content\/uploads\/2016\/09\/psd-2-768x511.jpg 768w, https:\/\/www.sudoestehoje.com.br\/novoportal\/wp-content\/uploads\/2016\/09\/psd-2-700x466.jpg 700w, https:\/\/www.sudoestehoje.com.br\/novoportal\/wp-content\/uploads\/2016\/09\/psd-2.jpg 960w\" sizes=\"auto, (max-width: 500px) 100vw, 500px\" \/><\/a><\/p>\n<p><strong>Al\u00e9cio reafirmou a import\u00e2ncia desse momento para o munic\u00edpio e o significado de se ter pela primeira vez um professor disputando a prefeitura de Itapetinga. Para ele, era mais do que uma plen\u00e1ria, era a concretiza\u00e7\u00e3o da valoriza\u00e7\u00e3o dos profissionais da educa\u00e7\u00e3o que eram por muito tempo deixados de lado. Sendo bastante aplaudido pelas coloca\u00e7\u00f5es. Concluiu dizendo que a educa\u00e7\u00e3o \u00e9 mais do que um compromisso eleitoral e sim de vida.<\/strong><\/p>\n","protected":false},"excerpt":{"rendered":"<p>Ascom PSD Aconteceu nesta ter\u00e7a-feira, 13, no Clube dos Oper\u00e1rios, promovido pela APLB Sindicato, a Planer\u00e1ria sobre Educa\u00e7\u00e3o com os candidatos a prefeito de Itapetinga. Estiveram presentes Alecio Chaves e os outros candidatos. Cada um falou sobre a sua proposta de governo na \u00e1rea da educa\u00e7\u00e3o. O Professor Alecio Chaves falou do seu Plano de [&hellip;]<\/p>\n","protected":false},"author":2,"featured_media":0,"comment_status":"open","ping_status":"open","sticky":false,"template":"","format":"standard","meta":{"footnotes":"","_links_to":"","_links_to_target":""},"categories":[1],"tags":[],"class_list":["post-60804","post","type-post","status-publish","format-standard","hentry","category-geral"],"views":1529,"_links":{"self":[{"href":"https:\/\/www.sudoestehoje.com.br\/novoportal\/wp-json\/wp\/v2\/posts\/60804","targetHints":{"allow":["GET"]}}],"collection":[{"href":"https:\/\/www.sudoestehoje.com.br\/novoportal\/wp-json\/wp\/v2\/posts"}],"about":[{"href":"https:\/\/www.sudoestehoje.com.br\/novoportal\/wp-json\/wp\/v2\/types\/post"}],"author":[{"embeddable":true,"href":"https:\/\/www.sudoestehoje.com.br\/novoportal\/wp-json\/wp\/v2\/users\/2"}],"replies":[{"embeddable":true,"href":"https:\/\/www.sudoestehoje.com.br\/novoportal\/wp-json\/wp\/v2\/comments?post=60804"}],"version-history":[{"count":1,"href":"https:\/\/www.sudoestehoje.com.br\/novoportal\/wp-json\/wp\/v2\/posts\/60804\/revisions"}],"predecessor-version":[{"id":60809,"href":"https:\/\/www.sudoestehoje.com.br\/novoportal\/wp-json\/wp\/v2\/posts\/60804\/revisions\/60809"}],"wp:attachment":[{"href":"https:\/\/www.sudoestehoje.com.br\/novoportal\/wp-json\/wp\/v2\/media?parent=60804"}],"wp:term":[{"taxonomy":"category","embeddable":true,"href":"https:\/\/www.sudoestehoje.com.br\/novoportal\/wp-json\/wp\/v2\/categories?post=60804"},{"taxonomy":"post_tag","embeddable":true,"href":"https:\/\/www.sudoestehoje.com.br\/novoportal\/wp-json\/wp\/v2\/tags?post=60804"}],"curies":[{"name":"wp","href":"https:\/\/api.w.org\/{rel}","templated":true}]}}