
{"id":60798,"date":"2016-09-14T09:56:34","date_gmt":"2016-09-14T12:56:34","guid":{"rendered":"http:\/\/www.sudoestehoje.com.br\/novoportal\/?p=60798"},"modified":"2016-09-14T09:56:34","modified_gmt":"2016-09-14T12:56:34","slug":"eleicoes-em-plenaria-da-aplb-adriano-apresenta-plano-de-governo-para-a-educacao","status":"publish","type":"post","link":"https:\/\/www.sudoestehoje.com.br\/novoportal\/2016\/09\/14\/eleicoes-em-plenaria-da-aplb-adriano-apresenta-plano-de-governo-para-a-educacao\/","title":{"rendered":"ELEI\u00c7\u00d5ES: EM PLEN\u00c1RIA DA APLB, ADRIANO APRESENTA PLANO DE GOVERNO PARA A EDUCA\u00c7\u00c3O"},"content":{"rendered":"<p><a href=\"http:\/\/www.sudoestehoje.com.br\/novoportal\/wp-content\/uploads\/2016\/09\/a-1-2.jpg\" rel=\"attachment wp-att-60799\"><img loading=\"lazy\" decoding=\"async\" class=\"aligncenter size-medium wp-image-60799\" src=\"http:\/\/www.sudoestehoje.com.br\/novoportal\/wp-content\/uploads\/2016\/09\/a-1-2-500x327.jpg\" alt=\"a-1\" width=\"500\" height=\"327\" srcset=\"https:\/\/www.sudoestehoje.com.br\/novoportal\/wp-content\/uploads\/2016\/09\/a-1-2-500x327.jpg 500w, https:\/\/www.sudoestehoje.com.br\/novoportal\/wp-content\/uploads\/2016\/09\/a-1-2-768x502.jpg 768w, https:\/\/www.sudoestehoje.com.br\/novoportal\/wp-content\/uploads\/2016\/09\/a-1-2-700x457.jpg 700w, https:\/\/www.sudoestehoje.com.br\/novoportal\/wp-content\/uploads\/2016\/09\/a-1-2.jpg 960w\" sizes=\"auto, (max-width: 500px) 100vw, 500px\" \/><\/a><\/p>\n<p><strong><em>Ascom PSDB<\/em><\/strong><\/p>\n<p><strong>Ainda comemorando o sucesso do debate promovido pela OAB, nesta segunda-feira (12), os eleitores puderam acompanhar mais uma brilhante atua\u00e7\u00e3o do candidato a prefeito Adriano Alc\u00e2ntara PSDB.\u00a0Em plen\u00e1ria promovida pela APLB Sindicato, para os trabalhadores em Educa\u00e7\u00e3o Municipal, contando, desta vez com a participa\u00e7\u00e3o dos quatro candidatos, os eleitores e profissionais da \u00e1rea puderam conhecer as propostas dos planos de governo para a educa\u00e7\u00e3o de cada um.<\/strong><\/p>\n<p><a href=\"http:\/\/www.sudoestehoje.com.br\/novoportal\/wp-content\/uploads\/2016\/09\/a-2-2.jpg\" rel=\"attachment wp-att-60800\"><img loading=\"lazy\" decoding=\"async\" class=\"aligncenter size-medium wp-image-60800\" src=\"http:\/\/www.sudoestehoje.com.br\/novoportal\/wp-content\/uploads\/2016\/09\/a-2-2-500x373.jpg\" alt=\"a-2\" width=\"500\" height=\"373\" srcset=\"https:\/\/www.sudoestehoje.com.br\/novoportal\/wp-content\/uploads\/2016\/09\/a-2-2-500x373.jpg 500w, https:\/\/www.sudoestehoje.com.br\/novoportal\/wp-content\/uploads\/2016\/09\/a-2-2-768x574.jpg 768w, https:\/\/www.sudoestehoje.com.br\/novoportal\/wp-content\/uploads\/2016\/09\/a-2-2-700x523.jpg 700w, https:\/\/www.sudoestehoje.com.br\/novoportal\/wp-content\/uploads\/2016\/09\/a-2-2.jpg 960w\" sizes=\"auto, (max-width: 500px) 100vw, 500px\" \/><\/a><\/p>\n<p><strong>Iniciado com a explana\u00e7\u00e3o dos professores e membros da APLB, sobre os anseios e potencialidades da classe, o evento seguiu com a apresenta\u00e7\u00e3o dos candidatos em ordem alfab\u00e9tica, proporcionando aos expectadores, j\u00e1 de in\u00edcio o prazer de ouvir as palavras de Adriano, que n\u00e3o s\u00f3 se mostrou conhecedor da situa\u00e7\u00e3o da \u00e1rea no munic\u00edpio, como apresentou solu\u00e7\u00f5es claras e diretas para a categoria.<\/strong><\/p>\n<p><a href=\"http:\/\/www.sudoestehoje.com.br\/novoportal\/wp-content\/uploads\/2016\/09\/a-3-2.jpg\" rel=\"attachment wp-att-60801\"><img loading=\"lazy\" decoding=\"async\" class=\"aligncenter size-medium wp-image-60801\" src=\"http:\/\/www.sudoestehoje.com.br\/novoportal\/wp-content\/uploads\/2016\/09\/a-3-2-500x333.jpg\" alt=\"a-3\" width=\"500\" height=\"333\" srcset=\"https:\/\/www.sudoestehoje.com.br\/novoportal\/wp-content\/uploads\/2016\/09\/a-3-2-500x333.jpg 500w, https:\/\/www.sudoestehoje.com.br\/novoportal\/wp-content\/uploads\/2016\/09\/a-3-2-768x511.jpg 768w, https:\/\/www.sudoestehoje.com.br\/novoportal\/wp-content\/uploads\/2016\/09\/a-3-2-700x466.jpg 700w, https:\/\/www.sudoestehoje.com.br\/novoportal\/wp-content\/uploads\/2016\/09\/a-3-2.jpg 960w\" sizes=\"auto, (max-width: 500px) 100vw, 500px\" \/><\/a><\/p>\n<p><strong>Mesmo com as repetidas investidas, bem como a j\u00e1 conhecida repeti\u00e7\u00e3o de muitas das suas id\u00e9ias colocadas, Adriano manteve o seu discurso propositivo, mostrando aos eleitores a sua capacidade t\u00e9cnica, maturidade e seguran\u00e7a.\u00a0Aproveitando todo o tempo das suas falas para respaldar com informa\u00e7\u00f5es de grande relev\u00e2ncia a tomada de decis\u00e3o dos eleitores na hora do voto.<\/strong><\/p>\n<p><a href=\"http:\/\/www.sudoestehoje.com.br\/novoportal\/wp-content\/uploads\/2016\/09\/a-4-1.jpg\" rel=\"attachment wp-att-60802\"><img loading=\"lazy\" decoding=\"async\" class=\"aligncenter size-medium wp-image-60802\" src=\"http:\/\/www.sudoestehoje.com.br\/novoportal\/wp-content\/uploads\/2016\/09\/a-4-1-500x333.jpg\" alt=\"a-4\" width=\"500\" height=\"333\" srcset=\"https:\/\/www.sudoestehoje.com.br\/novoportal\/wp-content\/uploads\/2016\/09\/a-4-1-500x333.jpg 500w, https:\/\/www.sudoestehoje.com.br\/novoportal\/wp-content\/uploads\/2016\/09\/a-4-1-768x511.jpg 768w, https:\/\/www.sudoestehoje.com.br\/novoportal\/wp-content\/uploads\/2016\/09\/a-4-1-700x466.jpg 700w, https:\/\/www.sudoestehoje.com.br\/novoportal\/wp-content\/uploads\/2016\/09\/a-4-1.jpg 960w\" sizes=\"auto, (max-width: 500px) 100vw, 500px\" \/><\/a><\/p>\n<p><strong>Ao final destes dois eventos podemos afirmar que quem ganha \u00e9 o cidad\u00e3o que nestes momentos de claro exerc\u00edcio da democracia pode fazer uma leitura objetiva das coloca\u00e7\u00f5es dos candidatos e estas coloca\u00e7\u00f5es, se comparadas a todas feitas em eventos anteriores, podem tra\u00e7ar o perfil de cada candidato, mostrar as contradi\u00e7\u00f5es, inseguran\u00e7as e at\u00e9 mesmo a falta de propostas.\u00a0Cada um s\u00f3 pode dar aquilo que de fato tem e, sem sombra de d\u00favida, Adriano tem propostas, capacidade e seguran\u00e7a para resgatar Itapetinga do buraco em que se encontra.<\/strong><\/p>\n","protected":false},"excerpt":{"rendered":"<p>Ascom PSDB Ainda comemorando o sucesso do debate promovido pela OAB, nesta segunda-feira (12), os eleitores puderam acompanhar mais uma brilhante atua\u00e7\u00e3o do candidato a prefeito Adriano Alc\u00e2ntara PSDB.\u00a0Em plen\u00e1ria promovida pela APLB Sindicato, para os trabalhadores em Educa\u00e7\u00e3o Municipal, contando, desta vez com a participa\u00e7\u00e3o dos quatro candidatos, os eleitores e profissionais da \u00e1rea [&hellip;]<\/p>\n","protected":false},"author":2,"featured_media":0,"comment_status":"open","ping_status":"open","sticky":false,"template":"","format":"standard","meta":{"footnotes":"","_links_to":"","_links_to_target":""},"categories":[1],"tags":[],"class_list":["post-60798","post","type-post","status-publish","format-standard","hentry","category-geral"],"views":1822,"_links":{"self":[{"href":"https:\/\/www.sudoestehoje.com.br\/novoportal\/wp-json\/wp\/v2\/posts\/60798","targetHints":{"allow":["GET"]}}],"collection":[{"href":"https:\/\/www.sudoestehoje.com.br\/novoportal\/wp-json\/wp\/v2\/posts"}],"about":[{"href":"https:\/\/www.sudoestehoje.com.br\/novoportal\/wp-json\/wp\/v2\/types\/post"}],"author":[{"embeddable":true,"href":"https:\/\/www.sudoestehoje.com.br\/novoportal\/wp-json\/wp\/v2\/users\/2"}],"replies":[{"embeddable":true,"href":"https:\/\/www.sudoestehoje.com.br\/novoportal\/wp-json\/wp\/v2\/comments?post=60798"}],"version-history":[{"count":1,"href":"https:\/\/www.sudoestehoje.com.br\/novoportal\/wp-json\/wp\/v2\/posts\/60798\/revisions"}],"predecessor-version":[{"id":60803,"href":"https:\/\/www.sudoestehoje.com.br\/novoportal\/wp-json\/wp\/v2\/posts\/60798\/revisions\/60803"}],"wp:attachment":[{"href":"https:\/\/www.sudoestehoje.com.br\/novoportal\/wp-json\/wp\/v2\/media?parent=60798"}],"wp:term":[{"taxonomy":"category","embeddable":true,"href":"https:\/\/www.sudoestehoje.com.br\/novoportal\/wp-json\/wp\/v2\/categories?post=60798"},{"taxonomy":"post_tag","embeddable":true,"href":"https:\/\/www.sudoestehoje.com.br\/novoportal\/wp-json\/wp\/v2\/tags?post=60798"}],"curies":[{"name":"wp","href":"https:\/\/api.w.org\/{rel}","templated":true}]}}