
{"id":60771,"date":"2016-09-13T10:20:59","date_gmt":"2016-09-13T13:20:59","guid":{"rendered":"http:\/\/www.sudoestehoje.com.br\/novoportal\/?p=60771"},"modified":"2016-09-13T09:43:37","modified_gmt":"2016-09-13T12:43:37","slug":"eleicoes-em-debate-na-oab-rodrigo-hagge-surpreende-mais-uma-vez","status":"publish","type":"post","link":"https:\/\/www.sudoestehoje.com.br\/novoportal\/2016\/09\/13\/eleicoes-em-debate-na-oab-rodrigo-hagge-surpreende-mais-uma-vez\/","title":{"rendered":"ELEI\u00c7\u00d5ES: EM DEBATE NA OAB, RODRIGO HAGGE SURPREENDE MAIS UMA VEZ"},"content":{"rendered":"<p><a href=\"http:\/\/www.sudoestehoje.com.br\/novoportal\/wp-content\/uploads\/2016\/09\/d-1.jpg\" rel=\"attachment wp-att-60773\"><img loading=\"lazy\" decoding=\"async\" class=\"aligncenter size-medium wp-image-60773\" src=\"http:\/\/www.sudoestehoje.com.br\/novoportal\/wp-content\/uploads\/2016\/09\/d-1-500x331.jpg\" alt=\"d-1\" width=\"500\" height=\"331\" srcset=\"https:\/\/www.sudoestehoje.com.br\/novoportal\/wp-content\/uploads\/2016\/09\/d-1-500x331.jpg 500w, https:\/\/www.sudoestehoje.com.br\/novoportal\/wp-content\/uploads\/2016\/09\/d-1-768x508.jpg 768w, https:\/\/www.sudoestehoje.com.br\/novoportal\/wp-content\/uploads\/2016\/09\/d-1-700x463.jpg 700w, https:\/\/www.sudoestehoje.com.br\/novoportal\/wp-content\/uploads\/2016\/09\/d-1.jpg 960w\" sizes=\"auto, (max-width: 500px) 100vw, 500px\" \/><\/a><\/p>\n<p><strong><em>Ascom RR<\/em><\/strong><\/p>\n<p><strong>O advogado Rodrigo Hagge, candidato da coliga\u00e7\u00e3o &#8216;Vamos Juntos Mudar Itapetinga&#8217;, foi destaque em mais um debate marcado para reunir candidatos a prefeito de Itapetinga.<\/strong><\/p>\n<p><a href=\"http:\/\/www.sudoestehoje.com.br\/novoportal\/wp-content\/uploads\/2016\/09\/d-2-1.jpg\" rel=\"attachment wp-att-60774\"><img loading=\"lazy\" decoding=\"async\" class=\"aligncenter size-medium wp-image-60774\" src=\"http:\/\/www.sudoestehoje.com.br\/novoportal\/wp-content\/uploads\/2016\/09\/d-2-1-500x299.jpg\" alt=\"d-2\" width=\"500\" height=\"299\" srcset=\"https:\/\/www.sudoestehoje.com.br\/novoportal\/wp-content\/uploads\/2016\/09\/d-2-1-500x299.jpg 500w, https:\/\/www.sudoestehoje.com.br\/novoportal\/wp-content\/uploads\/2016\/09\/d-2-1-768x460.jpg 768w, https:\/\/www.sudoestehoje.com.br\/novoportal\/wp-content\/uploads\/2016\/09\/d-2-1-700x419.jpg 700w, https:\/\/www.sudoestehoje.com.br\/novoportal\/wp-content\/uploads\/2016\/09\/d-2-1.jpg 960w\" sizes=\"auto, (max-width: 500px) 100vw, 500px\" \/><\/a><\/p>\n<p><strong>Na noite da segunda-feira, 12, no audit\u00f3rio da Coopardo, o jovem candidato falou de propostas de seu projeto de administra\u00e7\u00e3o e respondeu com muita compet\u00eancia \u00e0s v\u00e1rias perguntas encaminhadas \u00e0 OAB &#8211; Ordem dos Advogados do Brasil subse\u00e7\u00e3o de Itapetinga, promotora do evento.<\/strong><\/p>\n<p><a href=\"http:\/\/www.sudoestehoje.com.br\/novoportal\/wp-content\/uploads\/2016\/09\/d-3-1.jpg\" rel=\"attachment wp-att-60775\"><img loading=\"lazy\" decoding=\"async\" class=\"aligncenter size-medium wp-image-60775\" src=\"http:\/\/www.sudoestehoje.com.br\/novoportal\/wp-content\/uploads\/2016\/09\/d-3-1-500x320.jpg\" alt=\"d-3\" width=\"500\" height=\"320\" srcset=\"https:\/\/www.sudoestehoje.com.br\/novoportal\/wp-content\/uploads\/2016\/09\/d-3-1-500x320.jpg 500w, https:\/\/www.sudoestehoje.com.br\/novoportal\/wp-content\/uploads\/2016\/09\/d-3-1-768x491.jpg 768w, https:\/\/www.sudoestehoje.com.br\/novoportal\/wp-content\/uploads\/2016\/09\/d-3-1-700x448.jpg 700w, https:\/\/www.sudoestehoje.com.br\/novoportal\/wp-content\/uploads\/2016\/09\/d-3-1.jpg 960w\" sizes=\"auto, (max-width: 500px) 100vw, 500px\" \/><\/a><\/p>\n<p><strong> Dividido em tr\u00eas blocos, o debate contou com perguntas formuladas por advogados, por representantes de institui\u00e7\u00f5es e ainda de populares. A participa\u00e7\u00e3o popular se deu atrav\u00e9s do envio de perguntas via email, que foram selecionadas pela equipe organizadora.\u00a0Assuntos ligados a educa\u00e7\u00e3o, gera\u00e7\u00e3o de emprego e renda e meio ambiente, bem como a valoriza\u00e7\u00e3o do servidor p\u00fablico, foram os principais temas das perguntas.<\/strong><\/p>\n<p><a href=\"http:\/\/www.sudoestehoje.com.br\/novoportal\/wp-content\/uploads\/2016\/09\/d-4-1.jpg\" rel=\"attachment wp-att-60776\"><img loading=\"lazy\" decoding=\"async\" class=\"aligncenter size-medium wp-image-60776\" src=\"http:\/\/www.sudoestehoje.com.br\/novoportal\/wp-content\/uploads\/2016\/09\/d-4-1-500x303.jpg\" alt=\"d-4\" width=\"500\" height=\"303\" srcset=\"https:\/\/www.sudoestehoje.com.br\/novoportal\/wp-content\/uploads\/2016\/09\/d-4-1-500x303.jpg 500w, https:\/\/www.sudoestehoje.com.br\/novoportal\/wp-content\/uploads\/2016\/09\/d-4-1-768x465.jpg 768w, https:\/\/www.sudoestehoje.com.br\/novoportal\/wp-content\/uploads\/2016\/09\/d-4-1-700x424.jpg 700w, https:\/\/www.sudoestehoje.com.br\/novoportal\/wp-content\/uploads\/2016\/09\/d-4-1.jpg 960w\" sizes=\"auto, (max-width: 500px) 100vw, 500px\" \/><\/a><\/p>\n<p><strong>Ao final do debate, seguro de suas propostas e confiante de que tem capacidade e prest\u00edgio pol\u00edtico necess\u00e1rios para administrar a cidade, Hagge agradeceu \u00e0 milit\u00e2ncia que o acompanhava de forma espont\u00e2nea, assistindo ao debate em tel\u00e3o armado na Alameda Rui Barbosa.<\/strong><\/p>\n<p><a href=\"http:\/\/www.sudoestehoje.com.br\/novoportal\/wp-content\/uploads\/2016\/09\/d-5-1.jpg\" rel=\"attachment wp-att-60777\"><img loading=\"lazy\" decoding=\"async\" class=\"aligncenter size-medium wp-image-60777\" src=\"http:\/\/www.sudoestehoje.com.br\/novoportal\/wp-content\/uploads\/2016\/09\/d-5-1-500x305.jpg\" alt=\"d-5\" width=\"500\" height=\"305\" srcset=\"https:\/\/www.sudoestehoje.com.br\/novoportal\/wp-content\/uploads\/2016\/09\/d-5-1-500x305.jpg 500w, https:\/\/www.sudoestehoje.com.br\/novoportal\/wp-content\/uploads\/2016\/09\/d-5-1-768x468.jpg 768w, https:\/\/www.sudoestehoje.com.br\/novoportal\/wp-content\/uploads\/2016\/09\/d-5-1-700x427.jpg 700w, https:\/\/www.sudoestehoje.com.br\/novoportal\/wp-content\/uploads\/2016\/09\/d-5-1.jpg 960w\" sizes=\"auto, (max-width: 500px) 100vw, 500px\" \/><\/a><\/p>\n<p><strong>Tamb\u00e9m se dirigiu aos que o assistiam via internet e elogiou a OAB,<em> &#8220;a minha querida Ordem, da qual fa\u00e7o parte como advogado militante, pela organiza\u00e7\u00e3o e n\u00edvel do debate. Quando notamos que h\u00e1 um interesse por parte das institui\u00e7\u00f5es como a OAB por conhecer aqueles que administrar\u00e3o a cidade, h\u00e1 um grande refor\u00e7o para que a coisa p\u00fablica seja realmente levada a s\u00e9rio e tenha \u00e0 sua frente pessoas respons\u00e1veis e comprometidas com o bem estar da popula\u00e7\u00e3o e crescimento da cidade&#8221;<\/em>.<\/strong><\/p>\n<p><a href=\"http:\/\/www.sudoestehoje.com.br\/novoportal\/wp-content\/uploads\/2016\/09\/d-6-1.jpg\" rel=\"attachment wp-att-60778\"><img loading=\"lazy\" decoding=\"async\" class=\"aligncenter size-medium wp-image-60778\" src=\"http:\/\/www.sudoestehoje.com.br\/novoportal\/wp-content\/uploads\/2016\/09\/d-6-1-500x331.jpg\" alt=\"d-6\" width=\"500\" height=\"331\" srcset=\"https:\/\/www.sudoestehoje.com.br\/novoportal\/wp-content\/uploads\/2016\/09\/d-6-1-500x331.jpg 500w, https:\/\/www.sudoestehoje.com.br\/novoportal\/wp-content\/uploads\/2016\/09\/d-6-1-768x508.jpg 768w, https:\/\/www.sudoestehoje.com.br\/novoportal\/wp-content\/uploads\/2016\/09\/d-6-1-700x463.jpg 700w, https:\/\/www.sudoestehoje.com.br\/novoportal\/wp-content\/uploads\/2016\/09\/d-6-1.jpg 960w\" sizes=\"auto, (max-width: 500px) 100vw, 500px\" \/><\/a><\/p>\n<p><strong>Hagge ainda convidou a todos para a caminhada do pr\u00f3ximo domingo, 18, que promete ser uma das mais fortes realizadas at\u00e9 agora.<\/strong><\/p>\n<p><a href=\"http:\/\/www.sudoestehoje.com.br\/novoportal\/wp-content\/uploads\/2016\/09\/d-9.jpg\" rel=\"attachment wp-att-60781\"><img loading=\"lazy\" decoding=\"async\" class=\"aligncenter size-medium wp-image-60781\" src=\"http:\/\/www.sudoestehoje.com.br\/novoportal\/wp-content\/uploads\/2016\/09\/d-9-500x300.jpg\" alt=\"d-9\" width=\"500\" height=\"300\" srcset=\"https:\/\/www.sudoestehoje.com.br\/novoportal\/wp-content\/uploads\/2016\/09\/d-9-500x300.jpg 500w, https:\/\/www.sudoestehoje.com.br\/novoportal\/wp-content\/uploads\/2016\/09\/d-9-768x461.jpg 768w, https:\/\/www.sudoestehoje.com.br\/novoportal\/wp-content\/uploads\/2016\/09\/d-9-700x420.jpg 700w, https:\/\/www.sudoestehoje.com.br\/novoportal\/wp-content\/uploads\/2016\/09\/d-9.jpg 960w\" sizes=\"auto, (max-width: 500px) 100vw, 500px\" \/><\/a><\/p>\n<p><strong>Candidatos faltantes <\/strong><\/p>\n<p><strong>Ao debate desta segunda-feira, apenas Rodrigo Hagge e Adriano Alc\u00e2ntara compareceram. Al\u00e9cio Chaves e Tiquinho encaminharam of\u00edcios aos organizadores, tentando justificar as aus\u00eancias.<\/strong><\/p>\n<p><a href=\"http:\/\/www.sudoestehoje.com.br\/novoportal\/wp-content\/uploads\/2016\/09\/d-7-1.jpg\" rel=\"attachment wp-att-60779\"><img loading=\"lazy\" decoding=\"async\" class=\"aligncenter size-medium wp-image-60779\" src=\"http:\/\/www.sudoestehoje.com.br\/novoportal\/wp-content\/uploads\/2016\/09\/d-7-1-500x331.jpg\" alt=\"d-7\" width=\"500\" height=\"331\" srcset=\"https:\/\/www.sudoestehoje.com.br\/novoportal\/wp-content\/uploads\/2016\/09\/d-7-1-500x331.jpg 500w, https:\/\/www.sudoestehoje.com.br\/novoportal\/wp-content\/uploads\/2016\/09\/d-7-1-768x508.jpg 768w, https:\/\/www.sudoestehoje.com.br\/novoportal\/wp-content\/uploads\/2016\/09\/d-7-1-700x463.jpg 700w, https:\/\/www.sudoestehoje.com.br\/novoportal\/wp-content\/uploads\/2016\/09\/d-7-1.jpg 960w\" sizes=\"auto, (max-width: 500px) 100vw, 500px\" \/><\/a><\/p>\n<p><strong>O advogado Fabr\u00edcio Moreira, presidente da OAB, criticou a atitude dos candidatos faltantes. O mediador do debate foi Jai Oliveira, serventu\u00e1rio da justi\u00e7a e comunicador da Vida Nova FM.<\/strong><\/p>\n","protected":false},"excerpt":{"rendered":"<p>Ascom RR O advogado Rodrigo Hagge, candidato da coliga\u00e7\u00e3o &#8216;Vamos Juntos Mudar Itapetinga&#8217;, foi destaque em mais um debate marcado para reunir candidatos a prefeito de Itapetinga. Na noite da segunda-feira, 12, no audit\u00f3rio da Coopardo, o jovem candidato falou de propostas de seu projeto de administra\u00e7\u00e3o e respondeu com muita compet\u00eancia \u00e0s v\u00e1rias perguntas [&hellip;]<\/p>\n","protected":false},"author":2,"featured_media":0,"comment_status":"open","ping_status":"open","sticky":false,"template":"","format":"standard","meta":{"footnotes":"","_links_to":"","_links_to_target":""},"categories":[1],"tags":[],"class_list":["post-60771","post","type-post","status-publish","format-standard","hentry","category-geral"],"views":1945,"_links":{"self":[{"href":"https:\/\/www.sudoestehoje.com.br\/novoportal\/wp-json\/wp\/v2\/posts\/60771","targetHints":{"allow":["GET"]}}],"collection":[{"href":"https:\/\/www.sudoestehoje.com.br\/novoportal\/wp-json\/wp\/v2\/posts"}],"about":[{"href":"https:\/\/www.sudoestehoje.com.br\/novoportal\/wp-json\/wp\/v2\/types\/post"}],"author":[{"embeddable":true,"href":"https:\/\/www.sudoestehoje.com.br\/novoportal\/wp-json\/wp\/v2\/users\/2"}],"replies":[{"embeddable":true,"href":"https:\/\/www.sudoestehoje.com.br\/novoportal\/wp-json\/wp\/v2\/comments?post=60771"}],"version-history":[{"count":2,"href":"https:\/\/www.sudoestehoje.com.br\/novoportal\/wp-json\/wp\/v2\/posts\/60771\/revisions"}],"predecessor-version":[{"id":60783,"href":"https:\/\/www.sudoestehoje.com.br\/novoportal\/wp-json\/wp\/v2\/posts\/60771\/revisions\/60783"}],"wp:attachment":[{"href":"https:\/\/www.sudoestehoje.com.br\/novoportal\/wp-json\/wp\/v2\/media?parent=60771"}],"wp:term":[{"taxonomy":"category","embeddable":true,"href":"https:\/\/www.sudoestehoje.com.br\/novoportal\/wp-json\/wp\/v2\/categories?post=60771"},{"taxonomy":"post_tag","embeddable":true,"href":"https:\/\/www.sudoestehoje.com.br\/novoportal\/wp-json\/wp\/v2\/tags?post=60771"}],"curies":[{"name":"wp","href":"https:\/\/api.w.org\/{rel}","templated":true}]}}