
{"id":60721,"date":"2016-09-12T09:03:11","date_gmt":"2016-09-12T12:03:11","guid":{"rendered":"http:\/\/www.sudoestehoje.com.br\/novoportal\/?p=60721"},"modified":"2016-09-12T10:02:50","modified_gmt":"2016-09-12T13:02:50","slug":"eleicoes-conquista-herzem-lidera-pesquisa-e-deve-ganhar-no-primeiro-turno","status":"publish","type":"post","link":"https:\/\/www.sudoestehoje.com.br\/novoportal\/2016\/09\/12\/eleicoes-conquista-herzem-lidera-pesquisa-e-deve-ganhar-no-primeiro-turno\/","title":{"rendered":"ELEI\u00c7\u00d5ES CONQUISTA: HERZEM LIDERA PESQUISA E DEVE GANHAR NO PRIMEIRO TURNO"},"content":{"rendered":"<p><a href=\"http:\/\/www.sudoestehoje.com.br\/novoportal\/wp-content\/uploads\/2016\/09\/candidatos-conquista.jpg\" rel=\"attachment wp-att-60722\"><img loading=\"lazy\" decoding=\"async\" class=\"aligncenter wp-image-60722\" src=\"http:\/\/www.sudoestehoje.com.br\/novoportal\/wp-content\/uploads\/2016\/09\/candidatos-conquista-500x300.jpg\" alt=\"candidatos-conquista\" width=\"500\" height=\"300\" \/><\/a><\/p>\n<p><strong>Em Vit\u00f3ria da Conquista, o candidato peemedebista Herzem Gusm\u00e3o lidera as inten\u00e7\u00f5es voto feita em pesquisa feita pela P&amp;A Pesquisa e An\u00e1lise.<\/strong><\/p>\n<p><strong>De acordo com o estudo, ele aparece com 41,6%. Logo depois aparecem Z\u00e9 Raimundo (PT) com 25,3%, Fabricio \u00a0Falc\u00e3o (PCdoB) com 5,3%, Arlindo Rebou\u00e7as (PSDB) tem 3,2%, e Jo\u00e1s Meira (PSB) com 1,1%. Somando as inten\u00e7\u00f5es de votos de todos os outros candidatos, Herzem Gusm\u00e3o vence a elei\u00e7\u00e3o no primeiro turno com uma folga de aproximadamente 6% dos votos.<\/strong><\/p>\n<p><a href=\"http:\/\/www.sudoestehoje.com.br\/novoportal\/wp-content\/uploads\/2016\/09\/PESQUISA-CONQUISTA.jpg\" rel=\"attachment wp-att-60741\"><img loading=\"lazy\" decoding=\"async\" class=\"aligncenter size-medium wp-image-60741\" src=\"http:\/\/www.sudoestehoje.com.br\/novoportal\/wp-content\/uploads\/2016\/09\/PESQUISA-CONQUISTA-500x496.jpg\" alt=\"pesquisa-conquista\" width=\"500\" height=\"496\" srcset=\"https:\/\/www.sudoestehoje.com.br\/novoportal\/wp-content\/uploads\/2016\/09\/PESQUISA-CONQUISTA-500x496.jpg 500w, https:\/\/www.sudoestehoje.com.br\/novoportal\/wp-content\/uploads\/2016\/09\/PESQUISA-CONQUISTA-150x150.jpg 150w, https:\/\/www.sudoestehoje.com.br\/novoportal\/wp-content\/uploads\/2016\/09\/PESQUISA-CONQUISTA-700x694.jpg 700w, https:\/\/www.sudoestehoje.com.br\/novoportal\/wp-content\/uploads\/2016\/09\/PESQUISA-CONQUISTA.jpg 733w\" sizes=\"auto, (max-width: 500px) 100vw, 500px\" \/><\/a><strong>Ainda segundo o estudo Roberto Dias (PDT) e Enoque Matos (Psol) pontuaram 0,3%. Responderam que n\u00e3o votariam em nenhum dos candidatos 7,7%, e 15,2% n\u00e3o souberam responder.<\/strong><\/p>\n<p><strong>Foram ouvidas 625 durante os dias 6 e 8 de setembro. A margem de erro \u00e9 \u00a0de cinco pontos percentuais, e o n\u00edvel de confian\u00e7a de 95,5%.\u00a0<em>Informa\u00e7\u00f5es dos blogs<\/em><\/strong><\/p>\n<p><img decoding=\"async\" class=\"aligncenter\" src=\"http:\/\/www.sudoestehoje.com.br\/novoportal\/wp-content\/uploads\/2014\/07\/Feira-do-Lar-1.png\" alt=\"Feira-do-Lar (1)\" \/><\/p>\n","protected":false},"excerpt":{"rendered":"<p>Em Vit\u00f3ria da Conquista, o candidato peemedebista Herzem Gusm\u00e3o lidera as inten\u00e7\u00f5es voto feita em pesquisa feita pela P&amp;A Pesquisa e An\u00e1lise. De acordo com o estudo, ele aparece com 41,6%. Logo depois aparecem Z\u00e9 Raimundo (PT) com 25,3%, Fabricio \u00a0Falc\u00e3o (PCdoB) com 5,3%, Arlindo Rebou\u00e7as (PSDB) tem 3,2%, e Jo\u00e1s Meira (PSB) com 1,1%. [&hellip;]<\/p>\n","protected":false},"author":2,"featured_media":0,"comment_status":"open","ping_status":"open","sticky":false,"template":"","format":"standard","meta":{"footnotes":"","_links_to":"","_links_to_target":""},"categories":[1],"tags":[],"class_list":["post-60721","post","type-post","status-publish","format-standard","hentry","category-geral"],"views":1568,"_links":{"self":[{"href":"https:\/\/www.sudoestehoje.com.br\/novoportal\/wp-json\/wp\/v2\/posts\/60721","targetHints":{"allow":["GET"]}}],"collection":[{"href":"https:\/\/www.sudoestehoje.com.br\/novoportal\/wp-json\/wp\/v2\/posts"}],"about":[{"href":"https:\/\/www.sudoestehoje.com.br\/novoportal\/wp-json\/wp\/v2\/types\/post"}],"author":[{"embeddable":true,"href":"https:\/\/www.sudoestehoje.com.br\/novoportal\/wp-json\/wp\/v2\/users\/2"}],"replies":[{"embeddable":true,"href":"https:\/\/www.sudoestehoje.com.br\/novoportal\/wp-json\/wp\/v2\/comments?post=60721"}],"version-history":[{"count":5,"href":"https:\/\/www.sudoestehoje.com.br\/novoportal\/wp-json\/wp\/v2\/posts\/60721\/revisions"}],"predecessor-version":[{"id":60743,"href":"https:\/\/www.sudoestehoje.com.br\/novoportal\/wp-json\/wp\/v2\/posts\/60721\/revisions\/60743"}],"wp:attachment":[{"href":"https:\/\/www.sudoestehoje.com.br\/novoportal\/wp-json\/wp\/v2\/media?parent=60721"}],"wp:term":[{"taxonomy":"category","embeddable":true,"href":"https:\/\/www.sudoestehoje.com.br\/novoportal\/wp-json\/wp\/v2\/categories?post=60721"},{"taxonomy":"post_tag","embeddable":true,"href":"https:\/\/www.sudoestehoje.com.br\/novoportal\/wp-json\/wp\/v2\/tags?post=60721"}],"curies":[{"name":"wp","href":"https:\/\/api.w.org\/{rel}","templated":true}]}}