
{"id":60704,"date":"2016-09-11T22:02:08","date_gmt":"2016-09-12T01:02:08","guid":{"rendered":"http:\/\/www.sudoestehoje.com.br\/novoportal\/?p=60704"},"modified":"2016-09-11T22:11:55","modified_gmt":"2016-09-12T01:11:55","slug":"nota-do-blog","status":"publish","type":"post","link":"https:\/\/www.sudoestehoje.com.br\/novoportal\/2016\/09\/11\/nota-do-blog\/","title":{"rendered":"NOTA DO BLOG"},"content":{"rendered":"<p><a href=\"http:\/\/www.sudoestehoje.com.br\/novoportal\/wp-content\/uploads\/2016\/09\/nota-de-esclarecimento.jpg\" rel=\"attachment wp-att-60705\"><img loading=\"lazy\" decoding=\"async\" class=\"aligncenter wp-image-60705\" src=\"http:\/\/www.sudoestehoje.com.br\/novoportal\/wp-content\/uploads\/2016\/09\/nota-de-esclarecimento-500x231.jpg\" alt=\"nota-de-esclarecimento\" width=\"229\" height=\"106\" srcset=\"https:\/\/www.sudoestehoje.com.br\/novoportal\/wp-content\/uploads\/2016\/09\/nota-de-esclarecimento-500x231.jpg 500w, https:\/\/www.sudoestehoje.com.br\/novoportal\/wp-content\/uploads\/2016\/09\/nota-de-esclarecimento.jpg 650w\" sizes=\"auto, (max-width: 229px) 100vw, 229px\" \/><\/a><\/p>\n<p><strong>Nestas elei\u00e7\u00f5es, o Sudoeste Hoje optou em divulgar as atividades dos candidatos a prefeito e vereador, de forma equilibrada e imparcial, como determina a lei eleitoral. Assim, todos os textos e fotos das mat\u00e9rias relacionadas aos eventos pol\u00edticos, como caminhadas, com\u00edcios, carreatas e corpo a corpo, s\u00e3o da autoria das Assessorias de Comunica\u00e7\u00e3o (Ascom) dos partidos, coliga\u00e7\u00f5es ou candidatos, o que exime o blog de quaisquer responsabilidades sobre o seu teor. N\u00e3o editamos as mat\u00e9rias que nos s\u00e3o enviadas, exceto nos casos em que haja necessidade de pequenas corre\u00e7\u00f5es para preservar a qualidade dos textos, marca registrada deste site, ou para adequar \u00e1 legisla\u00e7\u00e3o eleitoral. Poss\u00edveis arroubos, exageros, manifesta\u00e7\u00f5es de otimismo e cr\u00edticas, fazem parte de todo processo pol\u00edtico e devem ser encarados com naturalidade pelos candidatos e leitores do blog. <\/strong><\/p>\n<p><strong>Davi Ferraz &#8211; Editor<\/strong><\/p>\n","protected":false},"excerpt":{"rendered":"<p>Nestas elei\u00e7\u00f5es, o Sudoeste Hoje optou em divulgar as atividades dos candidatos a prefeito e vereador, de forma equilibrada e imparcial, como determina a lei eleitoral. Assim, todos os textos e fotos das mat\u00e9rias relacionadas aos eventos pol\u00edticos, como caminhadas, com\u00edcios, carreatas e corpo a corpo, s\u00e3o da autoria das Assessorias de Comunica\u00e7\u00e3o (Ascom) dos [&hellip;]<\/p>\n","protected":false},"author":2,"featured_media":0,"comment_status":"open","ping_status":"open","sticky":false,"template":"","format":"standard","meta":{"footnotes":"","_links_to":"","_links_to_target":""},"categories":[11],"tags":[],"class_list":["post-60704","post","type-post","status-publish","format-standard","hentry","category-quentinhas"],"views":1575,"_links":{"self":[{"href":"https:\/\/www.sudoestehoje.com.br\/novoportal\/wp-json\/wp\/v2\/posts\/60704","targetHints":{"allow":["GET"]}}],"collection":[{"href":"https:\/\/www.sudoestehoje.com.br\/novoportal\/wp-json\/wp\/v2\/posts"}],"about":[{"href":"https:\/\/www.sudoestehoje.com.br\/novoportal\/wp-json\/wp\/v2\/types\/post"}],"author":[{"embeddable":true,"href":"https:\/\/www.sudoestehoje.com.br\/novoportal\/wp-json\/wp\/v2\/users\/2"}],"replies":[{"embeddable":true,"href":"https:\/\/www.sudoestehoje.com.br\/novoportal\/wp-json\/wp\/v2\/comments?post=60704"}],"version-history":[{"count":4,"href":"https:\/\/www.sudoestehoje.com.br\/novoportal\/wp-json\/wp\/v2\/posts\/60704\/revisions"}],"predecessor-version":[{"id":60709,"href":"https:\/\/www.sudoestehoje.com.br\/novoportal\/wp-json\/wp\/v2\/posts\/60704\/revisions\/60709"}],"wp:attachment":[{"href":"https:\/\/www.sudoestehoje.com.br\/novoportal\/wp-json\/wp\/v2\/media?parent=60704"}],"wp:term":[{"taxonomy":"category","embeddable":true,"href":"https:\/\/www.sudoestehoje.com.br\/novoportal\/wp-json\/wp\/v2\/categories?post=60704"},{"taxonomy":"post_tag","embeddable":true,"href":"https:\/\/www.sudoestehoje.com.br\/novoportal\/wp-json\/wp\/v2\/tags?post=60704"}],"curies":[{"name":"wp","href":"https:\/\/api.w.org\/{rel}","templated":true}]}}