
{"id":60664,"date":"2016-09-10T23:50:04","date_gmt":"2016-09-11T02:50:04","guid":{"rendered":"http:\/\/www.sudoestehoje.com.br\/novoportal\/?p=60664"},"modified":"2016-09-10T23:51:26","modified_gmt":"2016-09-11T02:51:26","slug":"de-partida-dilma-optou-pela-morte-do-cao-labrador-nego","status":"publish","type":"post","link":"https:\/\/www.sudoestehoje.com.br\/novoportal\/2016\/09\/10\/de-partida-dilma-optou-pela-morte-do-cao-labrador-nego\/","title":{"rendered":"DE PARTIDA, DILMA OPTOU PELA MORTE DO C\u00c3O LABRADOR \u2018NEGO\u2019"},"content":{"rendered":"<p><strong><em>Di\u00e1rio do Poder<\/em><\/strong><\/p>\n<p><a href=\"http:\/\/www.sudoestehoje.com.br\/novoportal\/wp-content\/uploads\/2016\/09\/dilma-e-o-labrador-nego-02.jpg\" rel=\"attachment wp-att-60665\"><img loading=\"lazy\" decoding=\"async\" class=\"aligncenter size-medium wp-image-60665\" src=\"http:\/\/www.sudoestehoje.com.br\/novoportal\/wp-content\/uploads\/2016\/09\/dilma-e-o-labrador-nego-02-500x300.jpg\" alt=\"dilma-e-o-labrador-nego-02\" width=\"500\" height=\"300\" srcset=\"https:\/\/www.sudoestehoje.com.br\/novoportal\/wp-content\/uploads\/2016\/09\/dilma-e-o-labrador-nego-02-500x300.jpg 500w, https:\/\/www.sudoestehoje.com.br\/novoportal\/wp-content\/uploads\/2016\/09\/dilma-e-o-labrador-nego-02-768x461.jpg 768w, https:\/\/www.sudoestehoje.com.br\/novoportal\/wp-content\/uploads\/2016\/09\/dilma-e-o-labrador-nego-02-700x420.jpg 700w, https:\/\/www.sudoestehoje.com.br\/novoportal\/wp-content\/uploads\/2016\/09\/dilma-e-o-labrador-nego-02.jpg 1274w\" sizes=\"auto, (max-width: 500px) 100vw, 500px\" \/><\/a><\/p>\n<p>A pergunta n\u00e3o se calava em Bras\u00edlia desde a partida da ex-presidente Dilma Rousseff para Porto Alegre: \u201cCad\u00ea \u2018Nego\u2019?\u201d Era refer\u00eancia ao c\u00e3o da ra\u00e7a labrador que ela ganhou do ex-ministro Jos\u00e9 Dirceu ao assumir a Casa Civil no governo Lula.<\/p>\n<p>Nesta sexta (9), a assessoria de Dilma confirmou: \u201cNego\u201d foi morto (ou \u201csacrificado\u201d), por op\u00e7\u00e3o da ex-presidente cassada, sob a alega\u00e7\u00e3o que estava \u201cmuito velho e doente\u201d. A informa\u00e7\u00e3o \u00e9 do colunista Cl\u00e1udio Humberto, do <strong>Di\u00e1rio do Poder<\/strong>.<\/p>\n<p>O clima dos funcion\u00e1rios do Pal\u00e1cio Alvorada \u00e9 de consterna\u00e7\u00e3o e revolta, com a morte de \u201cNego\u201d com cinco inje\u00e7\u00f5es.<\/p>\n<p>Afei\u00e7oados ao d\u00f3cil labrador, funcion\u00e1rios do Alvorada afirmam que \u201cNego\u201d tinha condi\u00e7\u00f5es de sobrevida digna, at\u00e9 sua morte natural.<\/p>\n<p>Esperava-se no Alvorada que Dilma levasse \u201cNego\u201d com ela para Porto Alegre, mas isso teria sido desaconselhado pelo veterin\u00e1rio.<\/p>\n<p>Ao ordenar o \u201csacrif\u00edcio\u201d de \u201cNego\u201d, Dilma s\u00f3 fez piorar a sua imagem j\u00e1 muito negativa junto aos funcion\u00e1rios do Alvorada.<\/p>\n","protected":false},"excerpt":{"rendered":"<p>Di\u00e1rio do Poder A pergunta n\u00e3o se calava em Bras\u00edlia desde a partida da ex-presidente Dilma Rousseff para Porto Alegre: \u201cCad\u00ea \u2018Nego\u2019?\u201d Era refer\u00eancia ao c\u00e3o da ra\u00e7a labrador que ela ganhou do ex-ministro Jos\u00e9 Dirceu ao assumir a Casa Civil no governo Lula. Nesta sexta (9), a assessoria de Dilma confirmou: \u201cNego\u201d foi morto [&hellip;]<\/p>\n","protected":false},"author":2,"featured_media":0,"comment_status":"open","ping_status":"open","sticky":false,"template":"","format":"standard","meta":{"footnotes":"","_links_to":"","_links_to_target":""},"categories":[1],"tags":[],"class_list":["post-60664","post","type-post","status-publish","format-standard","hentry","category-geral"],"views":1794,"_links":{"self":[{"href":"https:\/\/www.sudoestehoje.com.br\/novoportal\/wp-json\/wp\/v2\/posts\/60664","targetHints":{"allow":["GET"]}}],"collection":[{"href":"https:\/\/www.sudoestehoje.com.br\/novoportal\/wp-json\/wp\/v2\/posts"}],"about":[{"href":"https:\/\/www.sudoestehoje.com.br\/novoportal\/wp-json\/wp\/v2\/types\/post"}],"author":[{"embeddable":true,"href":"https:\/\/www.sudoestehoje.com.br\/novoportal\/wp-json\/wp\/v2\/users\/2"}],"replies":[{"embeddable":true,"href":"https:\/\/www.sudoestehoje.com.br\/novoportal\/wp-json\/wp\/v2\/comments?post=60664"}],"version-history":[{"count":2,"href":"https:\/\/www.sudoestehoje.com.br\/novoportal\/wp-json\/wp\/v2\/posts\/60664\/revisions"}],"predecessor-version":[{"id":60667,"href":"https:\/\/www.sudoestehoje.com.br\/novoportal\/wp-json\/wp\/v2\/posts\/60664\/revisions\/60667"}],"wp:attachment":[{"href":"https:\/\/www.sudoestehoje.com.br\/novoportal\/wp-json\/wp\/v2\/media?parent=60664"}],"wp:term":[{"taxonomy":"category","embeddable":true,"href":"https:\/\/www.sudoestehoje.com.br\/novoportal\/wp-json\/wp\/v2\/categories?post=60664"},{"taxonomy":"post_tag","embeddable":true,"href":"https:\/\/www.sudoestehoje.com.br\/novoportal\/wp-json\/wp\/v2\/tags?post=60664"}],"curies":[{"name":"wp","href":"https:\/\/api.w.org\/{rel}","templated":true}]}}