
{"id":60651,"date":"2016-09-10T23:09:18","date_gmt":"2016-09-11T02:09:18","guid":{"rendered":"http:\/\/www.sudoestehoje.com.br\/novoportal\/?p=60651"},"modified":"2016-09-10T23:09:18","modified_gmt":"2016-09-11T02:09:18","slug":"rio-2016-renan-comemora-classificacao-de-seu-filho-rene-para-final-no-remo","status":"publish","type":"post","link":"https:\/\/www.sudoestehoje.com.br\/novoportal\/2016\/09\/10\/rio-2016-renan-comemora-classificacao-de-seu-filho-rene-para-final-no-remo\/","title":{"rendered":"RIO 2016: RENAN COMEMORA CLASSIFICA\u00c7\u00c3O DE SEU FILHO REN\u00ca PARA FINAL NO REMO"},"content":{"rendered":"<p><em><strong>Por Davi Ferraz<\/strong><\/em><\/p>\n<p><a href=\"http:\/\/www.sudoestehoje.com.br\/novoportal\/wp-content\/uploads\/2016\/09\/renan-1.jpg\" rel=\"attachment wp-att-60652\"><img loading=\"lazy\" decoding=\"async\" class=\"aligncenter size-medium wp-image-60652\" src=\"http:\/\/www.sudoestehoje.com.br\/novoportal\/wp-content\/uploads\/2016\/09\/renan-1-500x281.jpg\" alt=\"renan-1\" width=\"500\" height=\"281\" srcset=\"https:\/\/www.sudoestehoje.com.br\/novoportal\/wp-content\/uploads\/2016\/09\/renan-1-500x281.jpg 500w, https:\/\/www.sudoestehoje.com.br\/novoportal\/wp-content\/uploads\/2016\/09\/renan-1-768x432.jpg 768w, https:\/\/www.sudoestehoje.com.br\/novoportal\/wp-content\/uploads\/2016\/09\/renan-1-700x394.jpg 700w, https:\/\/www.sudoestehoje.com.br\/novoportal\/wp-content\/uploads\/2016\/09\/renan-1.jpg 960w\" sizes=\"auto, (max-width: 500px) 100vw, 500px\" \/><\/a><\/p>\n<p>Neste s\u00e1bado, o nosso conterr\u00e2neo Renan Pereira lavou a alma com a performance do seu filho Ren\u00ea, \u00fanico para-atleta brasileiro classificado para a final na disputa por uma medalha, na sua modalidade. Na o sua p\u00e1gina no Facebook, Renan postou fotos do evento no Rio de Janeiro e fez um desabafo emocionante. Confiram:<\/p>\n<p><a href=\"http:\/\/www.sudoestehoje.com.br\/novoportal\/wp-content\/uploads\/2016\/09\/renan-5.jpg\" rel=\"attachment wp-att-60657\"><img loading=\"lazy\" decoding=\"async\" class=\"aligncenter size-medium wp-image-60657\" src=\"http:\/\/www.sudoestehoje.com.br\/novoportal\/wp-content\/uploads\/2016\/09\/renan-5-500x520.jpg\" alt=\"renan-5\" width=\"500\" height=\"520\" srcset=\"https:\/\/www.sudoestehoje.com.br\/novoportal\/wp-content\/uploads\/2016\/09\/renan-5-500x520.jpg 500w, https:\/\/www.sudoestehoje.com.br\/novoportal\/wp-content\/uploads\/2016\/09\/renan-5-700x728.jpg 700w, https:\/\/www.sudoestehoje.com.br\/novoportal\/wp-content\/uploads\/2016\/09\/renan-5.jpg 719w\" sizes=\"auto, (max-width: 500px) 100vw, 500px\" \/><\/a><\/p>\n<p><em>&#8220;Boa noite, amigos!!! Hoje foi uma emo\u00e7\u00e3o indescrit\u00edvel. Foi no bra\u00e7o, na for\u00e7a, na ra\u00e7a e na f\u00e9. Arquibancada lotada e gritando: &#8220;Vai Ren\u00ea!!!&#8221; E ele foi, Itapet<span class=\"text_exposed_show\">inga, a Bahia e o Brasil tamb\u00e9m estavam dentro da \u00e1gua naquele momento. Gra\u00e7as a Deus e a sua for\u00e7a tirada da alma que o Brasil tem o \u00fanico representante amanh\u00e3 na final das paralimp\u00edadas RIO2016. Valeu Ren\u00ea!!! Voc\u00ea hoje j\u00e1 \u00e9 um campe\u00e3o. Dos 24 atletas do circuito, 6 v\u00e3o participar da grande final de amanh\u00e3 e o meu filho estar\u00e1 nessa disputa. Deus est\u00e1 com a gente. Obrigado, a todos pelas vibra\u00e7\u00f5es positivas.\u00a0<a class=\"profileLink\" href=\"https:\/\/www.facebook.com\/rene.campos.543\" data-hovercard=\"\/ajax\/hovercard\/user.php?id=100002471394499\">Ren\u00ea Campos<\/a> j\u00e1 \u00e9 um vencedor. <span class=\"_5afx\"><a class=\"_58cn\" href=\"https:\/\/www.facebook.com\/hashtag\/somostodosren%C3%AAcampospereira?source=feed_text&amp;story_id=180547475705697\" data-ft=\"{&quot;tn&quot;:&quot;*N&quot;,&quot;type&quot;:104}\"><span class=\"_58cl _5afz\">#<\/span><span class=\"_58cm\">SomosTodosRen\u00eaCamposPereira<\/span><\/a>\u00a0&#8220;. <\/span><\/span><\/em><span class=\"text_exposed_show\"><span class=\"_5afx\">Mais Fotos&#8230;<\/span><\/span><\/p>\n\n\t\t<style type=\"text\/css\">\n\t\t\t#gallery-1 {\n\t\t\t\tmargin: auto;\n\t\t\t}\n\t\t\t#gallery-1 .gallery-item {\n\t\t\t\tfloat: left;\n\t\t\t\tmargin-top: 10px;\n\t\t\t\ttext-align: center;\n\t\t\t\twidth: 33%;\n\t\t\t}\n\t\t\t#gallery-1 img {\n\t\t\t\tborder: 2px solid #cfcfcf;\n\t\t\t}\n\t\t\t#gallery-1 .gallery-caption {\n\t\t\t\tmargin-left: 0;\n\t\t\t}\n\t\t\t\/* see gallery_shortcode() in wp-includes\/media.php *\/\n\t\t<\/style>\n\t\t<div id='gallery-1' class='gallery galleryid-60651 gallery-columns-3 gallery-size-thumbnail'><dl class='gallery-item'>\n\t\t\t<dt class='gallery-icon landscape'>\n\t\t\t\t<a href='https:\/\/www.sudoestehoje.com.br\/novoportal\/2016\/09\/10\/rio-2016-renan-comemora-classificacao-de-seu-filho-rene-para-final-no-remo\/renan-3-2\/'><img loading=\"lazy\" decoding=\"async\" width=\"150\" height=\"150\" src=\"https:\/\/www.sudoestehoje.com.br\/novoportal\/wp-content\/uploads\/2016\/09\/renan-3-150x150.jpg\" class=\"attachment-thumbnail size-thumbnail\" alt=\"\" \/><\/a>\n\t\t\t<\/dt><\/dl><dl class='gallery-item'>\n\t\t\t<dt class='gallery-icon landscape'>\n\t\t\t\t<a href='https:\/\/www.sudoestehoje.com.br\/novoportal\/2016\/09\/10\/rio-2016-renan-comemora-classificacao-de-seu-filho-rene-para-final-no-remo\/renan-2-3\/'><img loading=\"lazy\" decoding=\"async\" width=\"150\" height=\"150\" src=\"https:\/\/www.sudoestehoje.com.br\/novoportal\/wp-content\/uploads\/2016\/09\/renan-2-150x150.jpg\" class=\"attachment-thumbnail size-thumbnail\" alt=\"\" \/><\/a>\n\t\t\t<\/dt><\/dl><dl class='gallery-item'>\n\t\t\t<dt class='gallery-icon landscape'>\n\t\t\t\t<a href='https:\/\/www.sudoestehoje.com.br\/novoportal\/2016\/09\/10\/rio-2016-renan-comemora-classificacao-de-seu-filho-rene-para-final-no-remo\/renan-6-2\/'><img loading=\"lazy\" decoding=\"async\" width=\"150\" height=\"150\" src=\"https:\/\/www.sudoestehoje.com.br\/novoportal\/wp-content\/uploads\/2016\/09\/renan-6-150x150.jpg\" class=\"attachment-thumbnail size-thumbnail\" alt=\"\" \/><\/a>\n\t\t\t<\/dt><\/dl><br style=\"clear: both\" \/>\n\t\t<\/div>\n\n","protected":false},"excerpt":{"rendered":"<p>Por Davi Ferraz Neste s\u00e1bado, o nosso conterr\u00e2neo Renan Pereira lavou a alma com a performance do seu filho Ren\u00ea, \u00fanico para-atleta brasileiro classificado para a final na disputa por uma medalha, na sua modalidade. Na o sua p\u00e1gina no Facebook, Renan postou fotos do evento no Rio de Janeiro e fez um desabafo emocionante. [&hellip;]<\/p>\n","protected":false},"author":2,"featured_media":0,"comment_status":"open","ping_status":"open","sticky":false,"template":"","format":"standard","meta":{"footnotes":"","_links_to":"","_links_to_target":""},"categories":[1],"tags":[],"class_list":["post-60651","post","type-post","status-publish","format-standard","hentry","category-geral"],"views":1604,"_links":{"self":[{"href":"https:\/\/www.sudoestehoje.com.br\/novoportal\/wp-json\/wp\/v2\/posts\/60651","targetHints":{"allow":["GET"]}}],"collection":[{"href":"https:\/\/www.sudoestehoje.com.br\/novoportal\/wp-json\/wp\/v2\/posts"}],"about":[{"href":"https:\/\/www.sudoestehoje.com.br\/novoportal\/wp-json\/wp\/v2\/types\/post"}],"author":[{"embeddable":true,"href":"https:\/\/www.sudoestehoje.com.br\/novoportal\/wp-json\/wp\/v2\/users\/2"}],"replies":[{"embeddable":true,"href":"https:\/\/www.sudoestehoje.com.br\/novoportal\/wp-json\/wp\/v2\/comments?post=60651"}],"version-history":[{"count":6,"href":"https:\/\/www.sudoestehoje.com.br\/novoportal\/wp-json\/wp\/v2\/posts\/60651\/revisions"}],"predecessor-version":[{"id":60663,"href":"https:\/\/www.sudoestehoje.com.br\/novoportal\/wp-json\/wp\/v2\/posts\/60651\/revisions\/60663"}],"wp:attachment":[{"href":"https:\/\/www.sudoestehoje.com.br\/novoportal\/wp-json\/wp\/v2\/media?parent=60651"}],"wp:term":[{"taxonomy":"category","embeddable":true,"href":"https:\/\/www.sudoestehoje.com.br\/novoportal\/wp-json\/wp\/v2\/categories?post=60651"},{"taxonomy":"post_tag","embeddable":true,"href":"https:\/\/www.sudoestehoje.com.br\/novoportal\/wp-json\/wp\/v2\/tags?post=60651"}],"curies":[{"name":"wp","href":"https:\/\/api.w.org\/{rel}","templated":true}]}}