
{"id":6065,"date":"2011-06-24T09:43:55","date_gmt":"2011-06-24T12:43:55","guid":{"rendered":"http:\/\/www.sudoestehoje.com.br\/novoportal\/?p=6065"},"modified":"2011-06-24T11:24:28","modified_gmt":"2011-06-24T14:24:28","slug":"marcha-para-jesus-vira-manifesto-contra-uniao-gay-e-maconha","status":"publish","type":"post","link":"https:\/\/www.sudoestehoje.com.br\/novoportal\/2011\/06\/24\/marcha-para-jesus-vira-manifesto-contra-uniao-gay-e-maconha\/","title":{"rendered":"&#8216;MARCHA PARA JESUS&#8217; VIRA MANIFESTA\u00c7\u00c3O CONTRA UNI\u00c3O GAY E MACONHA"},"content":{"rendered":"<p>\u00a0<\/p>\n<div id=\"foto-conteudo-legendado\" style=\"text-align: center;\"><em><strong><img decoding=\"async\" src=\"http:\/\/novo.bahianoticias.com.br\/sites\/default\/files\/noticias\/marcha_para_jesus.jpg\" alt=\"O discurso mais radical foi do pastor Silas Malafaia\" \/> <\/strong><\/em><\/div>\n<div id=\"legenda-foto-conteudo\" style=\"text-align: center;\"><em><strong>O discurso mais radical foi do pastor Silas Malafaia<\/strong><\/em><\/div>\n<p style=\"text-align: center;\">\u00a0<\/p>\n<p style=\"text-align: left;\">\u00a0A 19\u00aa edi\u00e7\u00e3o da Marcha para Jesus, realizada nesta quinta-feira (23) em capitais como Rio de Janeiro e S\u00e3o Paulo, foi usada como forma de amea\u00e7a ao Supremo Tribunal Federal (STF) e aos pol\u00edticos por parte de lideran\u00e7as evang\u00e9licas. A maioria dos discursos e manifesta\u00e7\u00f5es esteve pautada contra a uni\u00e3o civil de pessoas do mesmo sexo e legaliza\u00e7\u00e3o da maconha. &#8220;A marcha n\u00e3o deixa de ser um ato pol\u00edtico&#8221;, resumiu o senador Marcelo Crivella (PRB-RJ), ligado a Igreja Universal do Reino de Deus.<\/p>\n<p style=\"text-align: left;\">O discurso mais radical foi do pastor Silas Malafaia que usou express\u00f5es como &#8220;ot\u00e1rio&#8221; e &#8220;lixo moral&#8221; para duramente a decis\u00e3o do STF de legalizar a uni\u00e3o est\u00e1vel entre pessoas do mesmo sexo. &#8220;O STF rasgou a Constitui\u00e7\u00e3o que, no artigo 226, par\u00e1grafo 3\u00ba, diz claramente que uni\u00e3o est\u00e1vel \u00e9 entre um homem do g\u00eanero masculino e uma mulher do g\u00eanero feminino. Uni\u00e3o homossexual uma v\u00edrgula&#8221;, bradou. Com informa\u00e7\u00f5es do iG.<\/p>\n","protected":false},"excerpt":{"rendered":"<p>\u00a0 O discurso mais radical foi do pastor Silas Malafaia \u00a0 \u00a0A 19\u00aa edi\u00e7\u00e3o da Marcha para Jesus, realizada nesta quinta-feira (23) em capitais como Rio de Janeiro e S\u00e3o Paulo, foi usada como forma de amea\u00e7a ao Supremo Tribunal Federal (STF) e aos pol\u00edticos por parte de lideran\u00e7as evang\u00e9licas. A maioria dos discursos e [&hellip;]<\/p>\n","protected":false},"author":2,"featured_media":0,"comment_status":"open","ping_status":"open","sticky":false,"template":"","format":"standard","meta":{"footnotes":"","_links_to":"","_links_to_target":""},"categories":[1],"tags":[],"class_list":["post-6065","post","type-post","status-publish","format-standard","hentry","category-geral"],"views":1128,"_links":{"self":[{"href":"https:\/\/www.sudoestehoje.com.br\/novoportal\/wp-json\/wp\/v2\/posts\/6065","targetHints":{"allow":["GET"]}}],"collection":[{"href":"https:\/\/www.sudoestehoje.com.br\/novoportal\/wp-json\/wp\/v2\/posts"}],"about":[{"href":"https:\/\/www.sudoestehoje.com.br\/novoportal\/wp-json\/wp\/v2\/types\/post"}],"author":[{"embeddable":true,"href":"https:\/\/www.sudoestehoje.com.br\/novoportal\/wp-json\/wp\/v2\/users\/2"}],"replies":[{"embeddable":true,"href":"https:\/\/www.sudoestehoje.com.br\/novoportal\/wp-json\/wp\/v2\/comments?post=6065"}],"version-history":[{"count":8,"href":"https:\/\/www.sudoestehoje.com.br\/novoportal\/wp-json\/wp\/v2\/posts\/6065\/revisions"}],"predecessor-version":[{"id":6072,"href":"https:\/\/www.sudoestehoje.com.br\/novoportal\/wp-json\/wp\/v2\/posts\/6065\/revisions\/6072"}],"wp:attachment":[{"href":"https:\/\/www.sudoestehoje.com.br\/novoportal\/wp-json\/wp\/v2\/media?parent=6065"}],"wp:term":[{"taxonomy":"category","embeddable":true,"href":"https:\/\/www.sudoestehoje.com.br\/novoportal\/wp-json\/wp\/v2\/categories?post=6065"},{"taxonomy":"post_tag","embeddable":true,"href":"https:\/\/www.sudoestehoje.com.br\/novoportal\/wp-json\/wp\/v2\/tags?post=6065"}],"curies":[{"name":"wp","href":"https:\/\/api.w.org\/{rel}","templated":true}]}}