
{"id":60627,"date":"2016-09-10T08:13:36","date_gmt":"2016-09-10T11:13:36","guid":{"rendered":"http:\/\/www.sudoestehoje.com.br\/novoportal\/?p=60627"},"modified":"2016-09-10T08:13:36","modified_gmt":"2016-09-10T11:13:36","slug":"rio-2016-remador-de-itapetinga-luta-por-vaga-na-final-da-paralimpiada","status":"publish","type":"post","link":"https:\/\/www.sudoestehoje.com.br\/novoportal\/2016\/09\/10\/rio-2016-remador-de-itapetinga-luta-por-vaga-na-final-da-paralimpiada\/","title":{"rendered":"RIO 2016: REMADOR DE ITAPETINGA LUTA POR VAGA NA FINAL DA PARALIMP\u00cdADA"},"content":{"rendered":"<p><a href=\"http:\/\/www.sudoestehoje.com.br\/novoportal\/wp-content\/uploads\/2016\/09\/ren\u00ea.jpg\" rel=\"attachment wp-att-60628\"><img loading=\"lazy\" decoding=\"async\" class=\"aligncenter size-medium wp-image-60628\" src=\"http:\/\/www.sudoestehoje.com.br\/novoportal\/wp-content\/uploads\/2016\/09\/ren\u00ea-500x288.jpg\" alt=\"rene\" width=\"500\" height=\"288\" srcset=\"https:\/\/www.sudoestehoje.com.br\/novoportal\/wp-content\/uploads\/2016\/09\/ren\u00ea-500x288.jpg 500w, https:\/\/www.sudoestehoje.com.br\/novoportal\/wp-content\/uploads\/2016\/09\/ren\u00ea.jpg 650w\" sizes=\"auto, (max-width: 500px) 100vw, 500px\" \/><\/a><\/p>\n<p><strong><em>Portal A Tarde<\/em><\/strong><\/p>\n<p>De acordo com o jarg\u00e3o do remo, &#8216;quebrar o gelo&#8217; numa prova \u00e9 tirar a tens\u00e3o da estreia e conhecer o estilo de prova dos advers\u00e1rios. Mas nesta sexta-feira, 9, esse termo teve outra conota\u00e7\u00e3o para o baiano Ren\u00ea Pereira, que, depois de terminar em quarto lugar em sua bateria dos 1.000m classe AS, caiu nas gra\u00e7as da torcida.<\/p>\n<p>Foi s\u00f3 o baiano aparecer na arquibancada para encontrar a fam\u00edlia para o p\u00fablico bater palmas e exigir selfies com o remador. Mesmo t\u00edmido e visivelmente surpreso, Ren\u00ea foi quebrando o gelo com seus f\u00e3s novos \u00e0 medida em que os aplausos e gritos de parab\u00e9ns iam se espalhando pela arquibancada.<\/p>\n<p>E n\u00e3o teria como evitar a legi\u00e3o de f\u00e3s: uma fila t\u00e3o grande foi formada para falar com o atleta que impedia que ele passasse adiante com a cadeira de rodas. Gelo oficialmente derretido.<\/p>\n<p>Mas se para Ren\u00ea a experi\u00eancia foi surpreendente, a fam\u00edlia &#8212; devidamente fardada com blusas #VaiRen\u00ea e #Ren\u00eaRemo &#8211; j\u00e1 imaginava que o sucesso seria total.<\/p>\n<p><em>&#8220;N\u00e3o me surpreende nem um pouco esse carinho com ele. Meu filho \u00e9 uma pessoa extremamente simp\u00e1tica e nunca deixa de falar com algu\u00e9m. E acho que as pessoas est\u00e3o felizes com o resultado dele, \u00e9 uma forma de demonstrar&#8221;<\/em>, disse , orgulhoso, o pai de Ren\u00ea, Renan Pereira.<\/p>\n<p>A m\u00e3e, Maria Jos\u00e9, a esposa, Priscila, o filho, Artur, e o irm\u00e3o, Ramon, tamb\u00e9m viajaram para o Rio para assistir Ren\u00ea. A caravana baiana foi composta por amigos e colegas do m\u00e9dico de Itapetinga.<\/p>\n<p><strong>Tudo ou nada<\/strong><\/p>\n<p>Ren\u00ea compete neste s\u00e1bado, 10, \u00e0s 9h10 por uma vaga na final para brigar por uma medalha in\u00e9dita no remo individual. Para Ren\u00ea, essa prova j\u00e1 vai valer como uma final, e a estrat\u00e9gia \u00e9 dar o melhor de si.<\/p>\n<p>&#8220;Na classificat\u00f3ria eu segurei um pouco para poder dar um g\u00e1s amanh\u00e3 (s\u00e1bado). Normalmente minha largada \u00e9 bem mais veloz, com quarenta bra\u00e7adas fortes, e dessa vez fiz s\u00f3 vinte para me poupar. Agora quero abrir vantagem logo no in\u00edcio da prova&#8221;, garantiu.<\/p>\n<p>Ren\u00ea ficou atr\u00e1s do ucraniano Roman Polianskyi, do chin\u00eas Huang Cheng e do americano Halton Blake. Neste s\u00e1bado, se classificam \u00e0 decis\u00e3o os dois primeiros colocados.<\/p>\n","protected":false},"excerpt":{"rendered":"<p>Portal A Tarde De acordo com o jarg\u00e3o do remo, &#8216;quebrar o gelo&#8217; numa prova \u00e9 tirar a tens\u00e3o da estreia e conhecer o estilo de prova dos advers\u00e1rios. Mas nesta sexta-feira, 9, esse termo teve outra conota\u00e7\u00e3o para o baiano Ren\u00ea Pereira, que, depois de terminar em quarto lugar em sua bateria dos 1.000m [&hellip;]<\/p>\n","protected":false},"author":2,"featured_media":0,"comment_status":"open","ping_status":"open","sticky":false,"template":"","format":"standard","meta":{"footnotes":"","_links_to":"","_links_to_target":""},"categories":[1],"tags":[],"class_list":["post-60627","post","type-post","status-publish","format-standard","hentry","category-geral"],"views":1332,"_links":{"self":[{"href":"https:\/\/www.sudoestehoje.com.br\/novoportal\/wp-json\/wp\/v2\/posts\/60627","targetHints":{"allow":["GET"]}}],"collection":[{"href":"https:\/\/www.sudoestehoje.com.br\/novoportal\/wp-json\/wp\/v2\/posts"}],"about":[{"href":"https:\/\/www.sudoestehoje.com.br\/novoportal\/wp-json\/wp\/v2\/types\/post"}],"author":[{"embeddable":true,"href":"https:\/\/www.sudoestehoje.com.br\/novoportal\/wp-json\/wp\/v2\/users\/2"}],"replies":[{"embeddable":true,"href":"https:\/\/www.sudoestehoje.com.br\/novoportal\/wp-json\/wp\/v2\/comments?post=60627"}],"version-history":[{"count":2,"href":"https:\/\/www.sudoestehoje.com.br\/novoportal\/wp-json\/wp\/v2\/posts\/60627\/revisions"}],"predecessor-version":[{"id":60630,"href":"https:\/\/www.sudoestehoje.com.br\/novoportal\/wp-json\/wp\/v2\/posts\/60627\/revisions\/60630"}],"wp:attachment":[{"href":"https:\/\/www.sudoestehoje.com.br\/novoportal\/wp-json\/wp\/v2\/media?parent=60627"}],"wp:term":[{"taxonomy":"category","embeddable":true,"href":"https:\/\/www.sudoestehoje.com.br\/novoportal\/wp-json\/wp\/v2\/categories?post=60627"},{"taxonomy":"post_tag","embeddable":true,"href":"https:\/\/www.sudoestehoje.com.br\/novoportal\/wp-json\/wp\/v2\/tags?post=60627"}],"curies":[{"name":"wp","href":"https:\/\/api.w.org\/{rel}","templated":true}]}}