
{"id":60567,"date":"2016-09-07T22:30:01","date_gmt":"2016-09-08T01:30:01","guid":{"rendered":"http:\/\/www.sudoestehoje.com.br\/novoportal\/?p=60567"},"modified":"2016-09-08T01:10:17","modified_gmt":"2016-09-08T04:10:17","slug":"eleicoes-vereador-renan-coelho-recorre-da-decisao-que-indeferiu-sua-candidatura","status":"publish","type":"post","link":"https:\/\/www.sudoestehoje.com.br\/novoportal\/2016\/09\/07\/eleicoes-vereador-renan-coelho-recorre-da-decisao-que-indeferiu-sua-candidatura\/","title":{"rendered":"ELEI\u00c7\u00d5ES: VEREADOR RENAN COELHO RECORRE DA DECIS\u00c3O QUE INDEFERIU SUA CANDIDATURA"},"content":{"rendered":"<p><a href=\"http:\/\/www.sudoestehoje.com.br\/novoportal\/wp-content\/uploads\/2016\/09\/renan-coelho.png\" rel=\"attachment wp-att-60568\"><img loading=\"lazy\" decoding=\"async\" class=\"aligncenter size-medium wp-image-60568\" src=\"http:\/\/www.sudoestehoje.com.br\/novoportal\/wp-content\/uploads\/2016\/09\/renan-coelho-500x191.png\" alt=\"renan-coelho\" width=\"500\" height=\"191\" srcset=\"https:\/\/www.sudoestehoje.com.br\/novoportal\/wp-content\/uploads\/2016\/09\/renan-coelho-500x191.png 500w, https:\/\/www.sudoestehoje.com.br\/novoportal\/wp-content\/uploads\/2016\/09\/renan-coelho-768x294.png 768w, https:\/\/www.sudoestehoje.com.br\/novoportal\/wp-content\/uploads\/2016\/09\/renan-coelho-700x268.png 700w, https:\/\/www.sudoestehoje.com.br\/novoportal\/wp-content\/uploads\/2016\/09\/renan-coelho.png 981w\" sizes=\"auto, (max-width: 500px) 100vw, 500px\" \/><\/a><\/p>\n<p>Uma decis\u00e3o publicada no site do TSE, indeferindo a candidatura do vereador Renan Coelho (PCdoB) e considerando-o inapto para a disputa eleitoral deste ano, causou surpresa e chamou \u00e0 aten\u00e7\u00e3o nos meios pol\u00edticos de Itapetinga.<\/p>\n<p>Na tentativa de esclarecer a quest\u00e3o, o Sudoeste Hoje entrou em contato com o assessor parlamentar Jerisvaldo Pereira, que informou o motivo do indeferimento pelo TSE, assegurando que a irregularidade encontrada dever\u00e1 ser sanada nas pr\u00f3ximas horas.<\/p>\n<p>Segundo Jerry, houve erro em um &#8216;protocolo&#8217; que comprova a desincompatibiliza\u00e7\u00e3o do candidato Renan Coelho do cargo de professor municipal, o que dever\u00e1 ser sanado atrav\u00e9s de recurso a ser impetrado pela assessoria jur\u00eddica do vereador, nesta quinta-feira.<\/p>\n<p>Esse tipo de problema \u00e9 comum no per\u00edodo de registro das candidaturas, quando o TSE abre prazo para que os candidatos indeferidos possam san\u00e1-lo.<\/p>\n<p>O vereador Renan Coelho \u00e9 um dos mais atuantes e \u00e9ticos da atual c\u00e2mara de vereadores e dever\u00e1 se reeleger nas elei\u00e7\u00f5es de outubro.<\/p>\n<p><strong><em>Por Davi Ferraz<\/em><\/strong><\/p>\n","protected":false},"excerpt":{"rendered":"<p>Uma decis\u00e3o publicada no site do TSE, indeferindo a candidatura do vereador Renan Coelho (PCdoB) e considerando-o inapto para a disputa eleitoral deste ano, causou surpresa e chamou \u00e0 aten\u00e7\u00e3o nos meios pol\u00edticos de Itapetinga. Na tentativa de esclarecer a quest\u00e3o, o Sudoeste Hoje entrou em contato com o assessor parlamentar Jerisvaldo Pereira, que informou [&hellip;]<\/p>\n","protected":false},"author":2,"featured_media":0,"comment_status":"open","ping_status":"open","sticky":false,"template":"","format":"standard","meta":{"footnotes":"","_links_to":"","_links_to_target":""},"categories":[1],"tags":[],"class_list":["post-60567","post","type-post","status-publish","format-standard","hentry","category-geral"],"views":1460,"_links":{"self":[{"href":"https:\/\/www.sudoestehoje.com.br\/novoportal\/wp-json\/wp\/v2\/posts\/60567","targetHints":{"allow":["GET"]}}],"collection":[{"href":"https:\/\/www.sudoestehoje.com.br\/novoportal\/wp-json\/wp\/v2\/posts"}],"about":[{"href":"https:\/\/www.sudoestehoje.com.br\/novoportal\/wp-json\/wp\/v2\/types\/post"}],"author":[{"embeddable":true,"href":"https:\/\/www.sudoestehoje.com.br\/novoportal\/wp-json\/wp\/v2\/users\/2"}],"replies":[{"embeddable":true,"href":"https:\/\/www.sudoestehoje.com.br\/novoportal\/wp-json\/wp\/v2\/comments?post=60567"}],"version-history":[{"count":5,"href":"https:\/\/www.sudoestehoje.com.br\/novoportal\/wp-json\/wp\/v2\/posts\/60567\/revisions"}],"predecessor-version":[{"id":60588,"href":"https:\/\/www.sudoestehoje.com.br\/novoportal\/wp-json\/wp\/v2\/posts\/60567\/revisions\/60588"}],"wp:attachment":[{"href":"https:\/\/www.sudoestehoje.com.br\/novoportal\/wp-json\/wp\/v2\/media?parent=60567"}],"wp:term":[{"taxonomy":"category","embeddable":true,"href":"https:\/\/www.sudoestehoje.com.br\/novoportal\/wp-json\/wp\/v2\/categories?post=60567"},{"taxonomy":"post_tag","embeddable":true,"href":"https:\/\/www.sudoestehoje.com.br\/novoportal\/wp-json\/wp\/v2\/tags?post=60567"}],"curies":[{"name":"wp","href":"https:\/\/api.w.org\/{rel}","templated":true}]}}